{"id":8994,"date":"2025-05-23T10:37:39","date_gmt":"2025-05-23T10:37:39","guid":{"rendered":"https:\/\/asadplatformu.com\/kibrista-fes-taktirmak\/"},"modified":"2025-05-23T10:37:39","modified_gmt":"2025-05-23T10:37:39","slug":"kibrista-fes-taktirmak","status":"publish","type":"post","link":"https:\/\/asadplatformu.com\/en\/kibrista-fes-taktirmak\/","title":{"rendered":"K\u0131br\u0131s\u2019ta fes takt\u0131rmak!"},"content":{"rendered":"\n<p>Ailenin bir aya\u011f\u0131 Ku\u00adzey K\u0131br\u0131s T\u00fcrk Cumhuriyeti\u2019nde. Bu du\u00adrum 1994 y\u0131l\u0131ndan be\u00adri y\u0131lda en az bir kez g\u00fc\u00adzel KKTC\u2019yi ziyaret etme \u015fans\u0131n\u0131 bizlere sunuyor. Bu seferki ziyaret ni\u015fan nedeniyleydi. K\u0131br\u0131s\u2019ta kar\u015f\u0131la\u015ft\u0131\u011f\u0131m\u0131z tan\u0131d\u0131k\u00adlar\u0131n neredeyse hepsi T\u00fcrk Cumhuriyetleri\u2019nin Rum Kesimini t\u00fcm K\u0131br\u0131s\u2019\u0131n tek tem\u00adsilcisi olarak tan\u0131malar\u0131n\u0131 sor\u00addu. \u201cSat\u0131ld\u0131k be karde\u015f\u201d diye tep\u00adki verenlere uluslararas\u0131 ili\u015fkile\u00adrin do\u011fas\u0131ndan bahsetsek de ikna edebildik mi? emin de\u011filim.<\/p>\n\n\n\n<p>Tam rahatlad\u0131k derken Hakk\u00e2ri Y\u00fcksekova Belediyesi K\u0131br\u0131s \u015ee\u00adhidi Cengiz Topel\u2019in ismini ta\u015f\u0131\u00adyan caddeden ismini kald\u0131rd\u0131 ha\u00adberiyle kar\u015f\u0131la\u015ft\u0131k. K\u0131br\u0131s mese\u00adlesinin en \u00f6nemli simgelerinden \u015eehit Cengiz Topel\u2019in ismini sil\u00admeye \u00e7al\u0131\u015fmak provokasyondan ba\u015fka bir \u015fey de\u011fil. S\u0131rr\u0131 S\u00fcreyya \u00d6nder\u2019in isminin verilece\u011fi ba\u015f\u00adka bir cadde yok muydu? \u015eehidi\u00adne sahip \u00e7\u0131kmak bir milletin vaz\u00adge\u00e7ilmezi, devleti y\u00f6netenlerin ise milletine kar\u015f\u0131 mesuliyetidir.<\/p>\n\n\n\n<p>K\u0131br\u0131s ziyaretimizi mi bekledi\u00adniz diye d\u00fc\u015f\u00fcn\u00fcrken sosyal med\u00adyada Cumhurba\u015fkan\u0131 Denkta\u015f\u2019\u0131n eski dan\u0131\u015fman\u0131, Ba\u015fbakanl\u0131k eski \u00f6zel kalem m\u00fcd\u00fcr\u00fc, D\u0131\u015fi\u015fleri Ba\u00adkanl\u0131\u011f\u0131 Tan\u0131tma Dairesi eski m\u00fc\u00add\u00fcr\u00fc, gazeteci, yazar ve tarih\u00e7i Sabahattin \u0130smail\u2019in bir payla\u015f\u0131\u00adm\u0131na denk geldim. Sabahattin \u0130s\u00admail\u2019in K\u0131br\u0131s konusundaki pay\u00adla\u015f\u0131mlar\u0131 \u00f6nemli.<\/p>\n\n\n\n<h3 class=\"wp-block-heading\">G\u00fcney K\u0131br\u0131s\u2019ta ana d\u00fc\u015f\u00fcncenin d\u0131\u015fa vurumu<\/h3>\n\n\n\n<p>\u0130smail, G\u00fcney K\u0131br\u0131s\u2019ta s\u00f6zde \u201cT\u00fcrk i\u015fgaline ve iki devletli \u00e7\u00f6\u00adz\u00fcm ile federasyona kar\u015f\u0131 m\u00fcca\u00addele etmek i\u00e7in\u201d \u201cDevrimci Halk Direni\u015f \u00d6rg\u00fct\u00fc\u201d adl\u0131 EOKA ben\u00adzeri yeni bir ter\u00f6r \u00f6rg\u00fct\u00fc kurul\u00addu\u011funu belirtmi\u015f. T\u00fcrk bas\u0131n\u0131nda \u00e7ok fazla yer bulmad\u0131. Bahse ge\u00e7en olu\u015fum 2018 y\u0131l\u0131nda kurulmu\u015f. Simgesi Yunan isyan\u0131n\u0131n simge\u00adleri olan \u201cate\u015f ve balta\u201d. Rumlar bu tip haberlerden rahats\u0131zl\u0131k du\u00adyuyorlar ve bu tip haberleri T\u00fcr\u00adkiye\u2019nin onlara kar\u015f\u0131 propaganda i\u00e7in \u00e7\u0131kard\u0131\u011f\u0131n\u0131 iddia ediyorlar.<\/p>\n\n\n\n<p>\u0130smail, G\u00fcney K\u0131br\u0131s\u2019ta fede\u00adrasyon ve iki devletli \u00e7\u00f6z\u00fcm kar\u00ad\u015f\u0131t\u0131 \u201cKurtulu\u015f 2025-Partiler \u00dcs\u00adt\u00fc Toplumsal ve Siyasi Hareket\u201d isimli yeni bir siyasi hareket ku\u00adruldu\u011funu da anlatm\u0131\u015f.<\/p>\n\n\n\n<p>Rum bas\u0131n\u0131, avukat Panos Io\u00adannidis ve gazeteci Savvas La\u00adkovidis\u2019in ge\u00e7ici koordinat\u00f6rler olarak 7 May\u0131s 2025\u2019te hareketi kurmaya ve etkinle\u015ftirmeye ka\u00adrar verdiklerini yaz\u0131yor. Hareke\u00adtin amac\u0131, K\u0131br\u0131s\u203a\u0131n T\u00fcrk i\u015fga\u00adlinden kurtar\u0131lmas\u0131 ve AB \u00fcyesi K\u0131br\u0131s Cumhuriyeti\u203anin her yasal vatanda\u015f\u0131 i\u00e7in t\u00fcm insan haklar\u0131\u00adn\u0131n ve temel \u00f6zg\u00fcrl\u00fcklerin yeni\u00adden kazan\u0131lmas\u0131 ve savunulmas\u0131 ad\u0131na yo\u011fun ve metodik bir siyasi \u00e7aba ve kolektif seferberlik g\u00f6s\u00adterilmesi olarak a\u00e7\u0131klanm\u0131\u015f.<\/p>\n\n\n\n<p>Rum bas\u0131n\u0131na g\u00f6re hareketin hedefi, s\u00f6zde K\u0131br\u0131s Cumhuriye\u00adti\u2019nin, iki b\u00f6lgeli iki toplumlu fe\u00adderasyon arac\u0131l\u0131\u011f\u0131yla da\u011f\u0131t\u0131lma\u00ads\u0131n\u0131 engellemek ve Kuzeyin T\u00fcrk\u00adle\u015ftirilmesine kar\u015f\u0131 m\u00fccadele etmekmi\u015f. Hareketin bildirisin\u00adde T\u00fcrkiye\u2019nin \u00e7\u00f6z\u00fcm istemedi\u00ad\u011fine, K\u0131br\u0131s Cumhuriyeti\u2019nin da\u00ad\u011f\u0131lmas\u0131n\u0131, K\u0131br\u0131s\u2019\u0131n kontrol al\u00adt\u0131na al\u0131nmas\u0131n\u0131 ve taleplerine boyun e\u011filmesini istedi\u011fine dem vuruyor. Bu nedenlerle, T\u00fcrki\u00adye\u2019ye yan\u0131t verebilmek i\u00e7in Yuna\u00adnistan\u2019\u0131n bir strateji de\u011fi\u015fikli\u011fi\u00adne olan ihtiyac\u0131ndan bahsediyor.<\/p>\n\n\n\n<p>A\u00e7\u0131klamada komik olan ise Rum halk\u0131n\u0131n Avrupa\u2019n\u0131n de\u00admokratik, hukuk d\u00fczeninde \u00f6z\u00adg\u00fcrce ya\u015famak m\u0131, yoksa T\u00fcrk hi\u00admayesinde fes takmak m\u0131 istedi\u00ad\u011fine karar vermesi vurgusu.<\/p>\n\n\n\n<h3 class=\"wp-block-heading\">Biz fes takt\u0131rmak istemiyoruz<\/h3>\n\n\n\n<p>1950\u2019lerin ba\u015f\u0131nda ba\u015flayan K\u0131br\u0131s sorununda bar\u0131\u015f\u0131n istikrar\u0131, 1974 K\u0131br\u0131s Bar\u0131\u015f Harekat\u0131yla sa\u011f\u00adland\u0131. Sonraki s\u00fcre\u00e7te bir\u00e7ok g\u00f6\u00adr\u00fc\u015fme, bir\u00e7ok de\u011fi\u015fen strateji, de\u00ad\u011fi\u015fen farkl\u0131 ideolojiye sahip lider\u00adler bir\u00e7ok farkl\u0131 arabulucular oldu.<\/p>\n\n\n\n<p>\u0130\u015fin boyutu AB\u2019nin 2004 y\u0131l\u0131n\u00adda kendi yazd\u0131\u011f\u0131 Annan Plan\u0131na \u201chay\u0131r\u201d diyen Rum kesimini ada\u00adn\u0131n t\u00fcm\u00fcn\u00fcn temsilcisi olarak i\u00e7ine almas\u0131yla de\u011fi\u015fti. AB, bu hamlesiyle, K\u0131br\u0131s T\u00fcrk taraf\u0131n\u0131 siyasi bir akt\u00f6r olarak g\u00f6rmedi\u011fi\u00adni ilan etmi\u015f oldu. Bu durum so\u00adrunu daha da i\u015fin i\u00e7erisinden \u00e7\u0131\u00adk\u0131lmaz hale getirdi.<\/p>\n\n\n\n<p>Rum siyasi hareketi gibi biz de K\u0131br\u0131s Cumhuriyeti\u2019nin, iki b\u00f6l\u00adgeli iki toplumlu federasyon ol\u00admas\u0131n\u0131 istemiyoruz. Asl\u0131nda fe\u00adderasyona destek verenler bile, iki toplumlu, iki b\u00f6lgeli bir fede\u00adrasyonla hi\u00e7bir \u015fey ba\u015far\u0131lama\u00adyaca\u011f\u0131n\u0131 biliyorlar.<\/p>\n\n\n\n<p>Bu s\u00f6ylemin devam ettirilme\u00adsinin nedeni yerine ba\u015fka bir \u015fey koyamamalar\u0131. Keza ilk devlet olan K\u0131br\u0131s Cumhuriyeti federal bir devletti. \u00dc\u00e7 y\u0131l dayand\u0131. As\u00adl\u0131nda 1963\u2019te biten iki toplumlu, iki kesimli, siyasi e\u015fitli\u011fe dayal\u0131 ve iki kuruculu federal bir \u00e7\u00f6z\u00fcm 1968\u2019den beri bir BM stratejisi olarak kar\u015f\u0131m\u0131za \u00e7\u0131kt\u0131. S\u0131f\u0131r ile \u00e7ar\u00adp\u0131mdan ba\u015fka bir sonu\u00e7 vermedi.<\/p>\n\n\n\n<p>O g\u00fcn de Rumlarla hi\u00e7bir ortak noktam\u0131z yoktu bug\u00fcn de yok. Ke\u00adza yukar\u0131daki Rum giri\u015fimleri\u00adnin amac\u0131na bak\u0131ld\u0131\u011f\u0131nda 1960\u2019\u0131n benzeri bir \u015fekilde Rum taraf\u0131\u00adn\u0131n iktidar\u0131 payla\u015fmak istemedi\u00ad\u011fi a\u015fik\u00e2r. Burada haks\u0131zda de\u011filler \u00e7\u00fcnk\u00fc AB \u00fcyeli\u011fiyle K\u0131br\u0131s\u2019\u0131n tek temsilcisi ve tek sahibi ilan edil\u00addiler. Masada ellerini g\u00fc\u00e7l\u00fc g\u00f6r\u00fc\u00adyorlar. Taviz kelimesini s\u00f6zl\u00fckten \u00e7\u0131karm\u0131\u015f durumdalar.<\/p>\n\n\n\n<p>Orta\u00e7a\u011f\u2019dan gelen bir Yunan ba\u015fl\u0131\u011f\u0131 oldu\u011funu bilsek de biz yi\u00adne de fes takmalar\u0131n\u0131! \u0130stemiyo\u00adruz. \u2018\u0130ki devletli\u2019 bir adadan ya\u00adnay\u0131z. 1983\u2019ten beri Ada\u2019n\u0131n ku\u00adzeyinde i\u015fleyen bir devlet var. Bu devlet ambargo alt\u0131nda 38 y\u0131ld\u0131r ayakta. Bu devletin siyasi irade\u00adsi, siyasi sistemi, meclisi, karar verme yetisi var. Ama en \u00f6nem\u00adlisi kendisini KKTC\u2019li kabul eden ve bu siyasi ger\u00e7ekli\u011fi ya\u015fayan ve ya\u015fatan vatanda\u015flar\u0131 var.<\/p>\n\n\n\n<p>Bug\u00fcn Do\u011fu Akdeniz\u2019de den\u00adgelerin istikrar\u0131 i\u00e7in iki devletli bir K\u0131br\u0131s \u00e7\u00f6z\u00fcm\u00fcne ve K\u0131br\u0131s\u2019ta g\u00fc\u00e7lendirilmi\u015f T\u00fcrk varl\u0131\u011f\u0131na ih\u00adtiya\u00e7 var. Bu noktada BM taraf\u0131n\u00addan federal bir K\u0131br\u0131s i\u00e7in yap\u0131la\u00adcak g\u00f6r\u00fc\u015fmelerin anlam\u0131 olma\u00add\u0131\u011f\u0131n\u0131 halklar\u0131m\u0131za net \u015fekilde anlat\u0131rken iki devletli \u00e7\u00f6z\u00fcm\u00fcn ama\u00e7lar\u0131n\u0131 onlar\u0131n sahiplenece\u011fi \u015fekilde ifade etmeliyiz.<\/p>\n\n\n\n<p>Bu birlikteli\u011fi i\u00e7eride sa\u011flaya\u00admaz isek d\u00fcnyaya \u201cayr\u0131 devletler\u201d oldu\u011fumuzu nas\u0131l anlataca\u011f\u0131z?<\/p>\n","protected":false},"excerpt":{"rendered":"<p>Ailenin bir aya\u011f\u0131 Ku\u00adzey K\u0131br\u0131s T\u00fcrk Cumhuriyeti\u2019nde. Bu du\u00adrum 1994 y\u0131l\u0131ndan be\u00adri y\u0131lda en az bir kez g\u00fc\u00adzel KKTC\u2019yi ziyaret etme \u015fans\u0131n\u0131 bizlere sunuyor. Bu seferki ziyaret ni\u015fan nedeniyleydi. K\u0131br\u0131s\u2019ta kar\u015f\u0131la\u015ft\u0131\u011f\u0131m\u0131z tan\u0131d\u0131k\u00adlar\u0131n neredeyse hepsi T\u00fcrk Cumhuriyetleri\u2019nin Rum Kesimini t\u00fcm K\u0131br\u0131s\u2019\u0131n tek tem\u00adsilcisi olarak tan\u0131malar\u0131n\u0131 sor\u00addu. \u201cSat\u0131ld\u0131k be karde\u015f\u201d diye tep\u00adki verenlere uluslararas\u0131 ili\u015fkile\u00adrin do\u011fas\u0131ndan bahsetsek [&hellip;]<\/p>\n","protected":false},"author":1,"featured_media":8481,"comment_status":"open","ping_status":"open","sticky":false,"template":"","format":"standard","meta":{"_acf_changed":false,"footnotes":""},"categories":[151],"tags":[],"class_list":["post-8994","post","type-post","status-publish","format-standard","has-post-thumbnail","hentry","category-analizler-en"],"acf":[],"featured_image_src":{"landsacpe":["https:\/\/asadplatformu.com\/wp-content\/uploads\/2025\/03\/asdasd-1008x504-1-1008x445.jpg",1008,445,true],"list":["https:\/\/asadplatformu.com\/wp-content\/uploads\/2025\/03\/asdasd-1008x504-1-463x348.jpg",463,348,true],"medium":["https:\/\/asadplatformu.com\/wp-content\/uploads\/2025\/03\/asdasd-1008x504-1-300x150.jpg",300,150,true],"full":["https:\/\/asadplatformu.com\/wp-content\/uploads\/2025\/03\/asdasd-1008x504-1.jpg",1008,504,false]},"_links":{"self":[{"href":"https:\/\/asadplatformu.com\/en\/wp-json\/wp\/v2\/posts\/8994","targetHints":{"allow":["GET"]}}],"collection":[{"href":"https:\/\/asadplatformu.com\/en\/wp-json\/wp\/v2\/posts"}],"about":[{"href":"https:\/\/asadplatformu.com\/en\/wp-json\/wp\/v2\/types\/post"}],"author":[{"embeddable":true,"href":"https:\/\/asadplatformu.com\/en\/wp-json\/wp\/v2\/users\/1"}],"replies":[{"embeddable":true,"href":"https:\/\/asadplatformu.com\/en\/wp-json\/wp\/v2\/comments?post=8994"}],"version-history":[{"count":0,"href":"https:\/\/asadplatformu.com\/en\/wp-json\/wp\/v2\/posts\/8994\/revisions"}],"wp:featuredmedia":[{"embeddable":true,"href":"https:\/\/asadplatformu.com\/en\/wp-json\/wp\/v2\/media\/8481"}],"wp:attachment":[{"href":"https:\/\/asadplatformu.com\/en\/wp-json\/wp\/v2\/media?parent=8994"}],"wp:term":[{"taxonomy":"category","embeddable":true,"href":"https:\/\/asadplatformu.com\/en\/wp-json\/wp\/v2\/categories?post=8994"},{"taxonomy":"post_tag","embeddable":true,"href":"https:\/\/asadplatformu.com\/en\/wp-json\/wp\/v2\/tags?post=8994"}],"curies":[{"name":"wp","href":"https:\/\/api.w.org\/{rel}","templated":true}]}}