{"id":9000,"date":"2025-03-11T11:04:24","date_gmt":"2025-03-11T11:04:24","guid":{"rendered":"https:\/\/asadplatformu.com\/ramazan-bakkalin-oturum-baskanliginda-prof-dr-yavuz-unat-ve-dr-tuba-uymazin-konusmalari-ile-katildigi-konferansimizi-8-aralik-cumartesi-gunu-gerceklesti\/"},"modified":"2025-03-11T11:04:24","modified_gmt":"2025-03-11T11:04:24","slug":"ramazan-bakkalin-oturum-baskanliginda-prof-dr-yavuz-unat-ve-dr-tuba-uymazin-konusmalari-ile-katildigi-konferansimizi-8-aralik-cumartesi-gunu-gerceklesti","status":"publish","type":"post","link":"https:\/\/asadplatformu.com\/en\/ramazan-bakkalin-oturum-baskanliginda-prof-dr-yavuz-unat-ve-dr-tuba-uymazin-konusmalari-ile-katildigi-konferansimizi-8-aralik-cumartesi-gunu-gerceklesti\/","title":{"rendered":"Ramazan Bakkal\u2019\u0131n oturum ba\u015fkanl\u0131\u011f\u0131nda Prof. Dr. Yavuz Unat ve Dr. Tuba Uymaz\u2019\u0131n konu\u015fmalar\u0131 ile kat\u0131ld\u0131\u011f\u0131 konferans\u0131m\u0131z\u0131 8 Aral\u0131k Cumartesi g\u00fcn\u00fc ger\u00e7ekle\u015fti"},"content":{"rendered":"\n<p>Bilim ve T\u00fcrk Bilim Tarihinin \u00d6nc\u00fcs\u00fc Ord. Prof. Ayd\u0131n Say\u0131l\u0131\u2019n\u0131n konu edildi\u011fi, Ramazan Bakkal\u2019\u0131n oturum ba\u015fkanl\u0131\u011f\u0131nda Prof. Dr. Yavuz Unat ve Dr. Tuba Uymaz\u2019\u0131n konu\u015fmalar\u0131 ile kat\u0131ld\u0131\u011f\u0131 konferans\u0131m\u0131z\u0131 8 Aral\u0131k Cumartesi g\u00fcn\u00fc ger\u00e7ekle\u015ftirdik.<\/p>\n","protected":false},"excerpt":{"rendered":"<p>Bilim ve T\u00fcrk Bilim Tarihinin \u00d6nc\u00fcs\u00fc Ord. Prof. Ayd\u0131n Say\u0131l\u0131\u2019n\u0131n konu edildi\u011fi, Ramazan Bakkal\u2019\u0131n oturum ba\u015fkanl\u0131\u011f\u0131nda Prof. Dr. Yavuz Unat ve Dr. Tuba Uymaz\u2019\u0131n konu\u015fmalar\u0131 ile kat\u0131ld\u0131\u011f\u0131 konferans\u0131m\u0131z\u0131 8 Aral\u0131k Cumartesi g\u00fcn\u00fc ger\u00e7ekle\u015ftirdik.<\/p>\n","protected":false},"author":1,"featured_media":8489,"comment_status":"open","ping_status":"open","sticky":false,"template":"","format":"standard","meta":{"_acf_changed":false,"footnotes":""},"categories":[152],"tags":[],"class_list":["post-9000","post","type-post","status-publish","format-standard","has-post-thumbnail","hentry","category-ziyaretler-en"],"acf":[],"featured_image_src":{"landsacpe":["https:\/\/asadplatformu.com\/wp-content\/uploads\/2025\/03\/98-680x340-1.jpg",680,340,false],"list":["https:\/\/asadplatformu.com\/wp-content\/uploads\/2025\/03\/98-680x340-1-463x340.jpg",463,340,true],"medium":["https:\/\/asadplatformu.com\/wp-content\/uploads\/2025\/03\/98-680x340-1-300x150.jpg",300,150,true],"full":["https:\/\/asadplatformu.com\/wp-content\/uploads\/2025\/03\/98-680x340-1.jpg",680,340,false]},"_links":{"self":[{"href":"https:\/\/asadplatformu.com\/en\/wp-json\/wp\/v2\/posts\/9000","targetHints":{"allow":["GET"]}}],"collection":[{"href":"https:\/\/asadplatformu.com\/en\/wp-json\/wp\/v2\/posts"}],"about":[{"href":"https:\/\/asadplatformu.com\/en\/wp-json\/wp\/v2\/types\/post"}],"author":[{"embeddable":true,"href":"https:\/\/asadplatformu.com\/en\/wp-json\/wp\/v2\/users\/1"}],"replies":[{"embeddable":true,"href":"https:\/\/asadplatformu.com\/en\/wp-json\/wp\/v2\/comments?post=9000"}],"version-history":[{"count":0,"href":"https:\/\/asadplatformu.com\/en\/wp-json\/wp\/v2\/posts\/9000\/revisions"}],"wp:featuredmedia":[{"embeddable":true,"href":"https:\/\/asadplatformu.com\/en\/wp-json\/wp\/v2\/media\/8489"}],"wp:attachment":[{"href":"https:\/\/asadplatformu.com\/en\/wp-json\/wp\/v2\/media?parent=9000"}],"wp:term":[{"taxonomy":"category","embeddable":true,"href":"https:\/\/asadplatformu.com\/en\/wp-json\/wp\/v2\/categories?post=9000"},{"taxonomy":"post_tag","embeddable":true,"href":"https:\/\/asadplatformu.com\/en\/wp-json\/wp\/v2\/tags?post=9000"}],"curies":[{"name":"wp","href":"https:\/\/api.w.org\/{rel}","templated":true}]}}