{"id":9005,"date":"2025-03-11T10:35:44","date_gmt":"2025-03-11T10:35:44","guid":{"rendered":"https:\/\/asadplatformu.com\/nemesis-anitinin-acilisi-ve-turkiyenin-tepkisi\/"},"modified":"2025-03-11T10:35:44","modified_gmt":"2025-03-11T10:35:44","slug":"nemesis-anitinin-acilisi-ve-turkiyenin-tepkisi","status":"publish","type":"post","link":"https:\/\/asadplatformu.com\/en\/nemesis-anitinin-acilisi-ve-turkiyenin-tepkisi\/","title":{"rendered":"Nemesis An\u0131t\u0131\u2019n\u0131n A\u00e7\u0131l\u0131s\u0131 ve T\u00fcrkiye\u2019nin Tepkisi"},"content":{"rendered":"\n<p><strong>Nemesis An\u0131t\u0131\u2019n\u0131n A\u00e7\u0131l\u0131s\u0131 ve T\u00fcrkiye\u2019nin Tepkisi<\/strong><\/p>\n\n\n\n<p>Ad\u0131n\u0131 Yunan mitolojisindeki \u201cintikam tanr\u0131\u00e7as\u0131\u201d olan Nemesis\u2019ten alan Nemesis Operasyonu, Ta\u015fnak Partisi taraf\u0131ndan&nbsp;Osmanl\u0131 siyasi \u2013 askeri liderinin ve Azerbaycan T\u00fcrkleri\u2019nin katledilmesi amac\u0131yla 1920 \u2013 1922 y\u0131llar\u0131nda ger\u00e7ekle\u015ftirilen gizli bir operasyondur. Liderlerinin&nbsp;<a href=\"https:\/\/tr.wikipedia.org\/wiki\/%C5%9Eahan_Natali\" target=\"_blank\" rel=\"noopener\">\u015eahan Natali<\/a>&nbsp;ve&nbsp;<a href=\"https:\/\/tr.wikipedia.org\/wiki\/Karekin_Past%C4%B1rmac%C4%B1yan\" target=\"_blank\" rel=\"noopener\">Karekin Past\u0131rmac\u0131yan<\/a>&nbsp;oldu\u011fu operasyonun en fazla ses getiren suikastlar\u0131n\u0131n ba\u015f\u0131nda 1921 y\u0131l\u0131nda Talat Pa\u015fa\u2019n\u0131n Berlin\u2019de \u015fehit edilmesi gelmektedir.<\/p>\n\n\n\n<p><strong>Nemesis yani \u0130ntikam Operasyonu\u2019nun Tarihsel Arka Plan\u0131<\/strong><\/p>\n\n\n\n<p>T\u00fcrk (Osmanl\u0131) y\u00f6netimi, 1. D\u00fcnya Sava\u015f\u0131 s\u0131ras\u0131nda d\u00f6rt bir koldan vatan savunmas\u0131 yaparken Ruslar da Anadolu\u2019ya sald\u0131rm\u0131\u015ft\u0131r. Ta\u015fnak Ermenileri ise Ruslara yard\u0131m ederek yol g\u00f6stermi\u015f, T\u00fcrk askerlerini taciz etmi\u015f, ula\u015f\u0131m ve ikm\u00e2l yollar\u0131n\u0131 kesmi\u015f ayr\u0131ca T\u00fcrk k\u00f6ylerinde katliamlar ger\u00e7ekle\u015ftirmi\u015ftir. Bu eylemlerinin sonucunda d\u00f6nemin T\u00fcrk H\u00fck\u00fcmeti \u0130ttihat-Terakk\u00ee, 24 Nisan 1915\u2019te Ta\u015fnak Ermenilerini devlete kar\u015f\u0131 daha fazla y\u0131k\u0131c\u0131 faaliyette bulunmamalar\u0131 amac\u0131yla sevk ve iskan kanununa tabii tutarak b\u00f6lgeden uzakla\u015ft\u0131rm\u0131\u015ft\u0131r. T\u00fcrk devleti hi\u00e7bir \u015fekilde ve hi\u00e7bir ko\u015fulda bir Ermeni soyk\u0131r\u0131m\u0131 yapmam\u0131\u015f bilakis daha fazla kan d\u00f6k\u00fclmesini engellemek ve katliamlar\u0131 \u00f6nlemek i\u00e7in politik bir karar alm\u0131\u015ft\u0131r.<\/p>\n\n\n\n<p>Zaten T\u00fcrklere kar\u015f\u0131 b\u00fcy\u00fck bir kin ve nefret besleyen Ermeniler i\u00e7in T\u00fcrk h\u00fck\u00fcmetinin \u201csevk ve iskan\u201d politikas\u0131 bir bahane olmu\u015ftur. Y\u00fczy\u0131ld\u0131r Ermeniler aras\u0131nda \u201csoyk\u0131r\u0131m\u201d olarak adland\u0131r\u0131lan bu olay d\u00fcnyaya bu \u015fekilde tan\u0131t\u0131lmaya \u00e7al\u0131\u015f\u0131lmaktad\u0131r.<\/p>\n\n\n\n<p>1920\u2019lere gelindi\u011finde ise Anadolu\u2019da Gazi Mustafa Kemal Pa\u015fa taraf\u0131ndan ba\u015flat\u0131lan T\u00fcrk Mill\u00ee M\u00fccadelesinin par\u00e7alar\u0131ndan biri olan ve K\u00e2z\u0131m Karabekir Pa\u015fa&nbsp;y\u00f6netiminde ger\u00e7ekle\u015ftirilen ve&nbsp;Do\u011fu Harek\u00e2t\u0131 sonucunda Anadolu\u2019nun Do\u011fusu Ermeni i\u015fgalinden kurtulmu\u015f ve Ta\u015fnaklar\u0131n Anadolu\u2019da bir Ermeni devleti kurma hayalleri suya d\u00fc\u015fm\u00fc\u015ft\u00fcr. Bir tarafta T\u00fcrkler Mill\u00ee M\u00fccadele sava\u015f\u0131 verirken di\u011fer taraftan ise Ta\u015fnaklar, Anadolu\u2019da M\u00fcsl\u00fcman T\u00fcrk ve K\u00fcrtlere kar\u015f\u0131 vah\u015fet i\u00e7eren katliamlar uygulam\u0131\u015f, bask\u0131nlar yapm\u0131\u015f ve hatta soyk\u0131r\u0131ma giri\u015fmi\u015flerdir. T\u00fcm bu olaylar ger\u00e7ekle\u015firken dahi Ermeniler, uluslararas\u0131 kamuoyuna 1915 olaylar\u0131n\u0131, katliam olarak tan\u0131tmaya da devam etmi\u015ftir.&nbsp;<\/p>\n\n\n\n<p>&nbsp;&nbsp;&nbsp;&nbsp;&nbsp;&nbsp;&nbsp;&nbsp;&nbsp;&nbsp;&nbsp; \u0130ntikam h\u0131rslar\u0131ndan g\u00f6z\u00fc k\u00f6r olan radikal Ermeni gruplar, bu noktada, sorumlu tuttuklar\u0131 Osmanl\u0131 Pa\u015falar\u0131n\u0131 hedef g\u00f6stererek Nemesis Operasyonu\u2019nu ba\u015flatm\u0131\u015flard\u0131r. Aralar\u0131nda Gazi Pa\u015fa\u2019n\u0131n da oldu\u011fu bilinen suikast listesini yay\u0131nlam\u0131\u015flar ve \u0130ttihat\u00e7\u0131 av\u0131n\u0131 ba\u015flatm\u0131\u015flard\u0131r. Bu kapsamda Talat Pa\u015fa, Said Halim Pa\u015fa, Bahaddin \u015eakir Bey ile Cemal Azmi Bey&nbsp;ve&nbsp;Cemal Pa\u015fa, s\u0131ras\u0131yla Ermeniler taraf\u0131ndan \u015fehit edilmi\u015ftir. Ermeniler meseleyi yani intikam\u0131 kendi aralar\u0131nda bir&nbsp;\u201cmill\u00ee dava\u201d&nbsp;\u015feklinde g\u00f6rerek hareket etmi\u015flerdir.<\/p>\n\n\n\n<p>Manuk Manukyan adl\u0131 Da\u015fnak-Nemesis&nbsp;militan\u0131, Ankara\u2019ya operasyona geldi\u011fi s\u0131rada yakalanarak idam edilmi\u015ftir. Mercan Altunyan adl\u0131 di\u011fer bir Nemesis&nbsp;ter\u00f6ristinin liderlik etti\u011fi \u201cinfaz timi\u201d&nbsp;de 1927\u2019de \u0130stanbul\u2019da \u00e7\u0131kan bir \u00e7at\u0131\u015fma sonucu imha edilmi\u015ftir.<\/p>\n\n\n\n<p><strong>Nemesis Operasyonu\u2019nun Bug\u00fcne Etkisi<\/strong><\/p>\n\n\n\n<p>Ermenilerin bu anlams\u0131z kini maalesef ki g\u00fcn\u00fcm\u00fczde de devam etmektedir. Gerek Erivan H\u00fck\u00fcmeti gerekse Ermeni Diasporas\u0131 s\u00f6zde Ermeni soyk\u0131r\u0131m\u0131 iddialar\u0131n\u0131 d\u00fcnyaya tan\u0131tmaya devam etmekte ve bunu, T\u00fcrklere \u00e7e\u015fitli platformlarda bask\u0131 arac\u0131 olarak kullanmaktalard\u0131r. \u0130ntikam hissini diri tutan Ermeniler, Talat Pa\u015fa\u2019n\u0131n \u015fehit edildi\u011fi 15 Mart g\u00fcn\u00fcn\u00fc dahi,&nbsp;\u201chakl\u0131 intikamlar\u0131n\u0131n al\u0131nd\u0131\u011f\u0131 sevin\u00e7 ve zafer g\u00fcn\u00fc\u201d olarak kutlamaktad\u0131rlar; 2000\u2019li y\u0131llara kadar da ASALA olarak Nemesis Ter\u00f6r \u00f6rg\u00fct\u00fc kendini devam ettirmi\u015ftir. T\u00fcm bunlara ek olarak Ermenilerin T\u00fcrkiye\u2019den toprak talepleri ve Karaba\u011f meselesi de T\u00fcrk(iye) ve Ermeni(stan) ili\u015fkilerini olumsuz etkilemeye devam etmektedir.<\/p>\n\n\n\n<figure class=\"wp-block-image\"><img decoding=\"async\" src=\"https:\/\/asadplatformu.com\/wp-content\/uploads\/2023\/04\/dgsdfgsdfas.png\" alt=\"\" class=\"wp-image-6585\"\/><\/figure>\n\n\n\n<p>S\u00fcrekli T\u00fcrkleri tahrik etmeye devam eden Ermeniler, Ermenistan\u2019\u0131n \u015eirak vilayetinde,Talat Pa\u015fa\u2019y\u0131 katleden So\u011foman Teyliryan\u2019\u0131n heykeli dikmi\u015flerdi.&nbsp;Heykelin aya\u011f\u0131n\u0131n alt\u0131nda Talat Pa\u015fa\u2019n\u0131n kesik ba\u015f\u0131 tasvir edilmi\u015fti. Ermeniler Talat Pa\u015fa ve T\u00fcrklere hakaret ederek i\u015fledikleri uluslararas\u0131 insanl\u0131k su\u00e7unu bir de tescillendirmektedirler.<\/p>\n\n\n\n<figure class=\"wp-block-image\"><img decoding=\"async\" src=\"https:\/\/asadplatformu.com\/wp-content\/uploads\/2023\/04\/gsagd.png\" alt=\"\" class=\"wp-image-6586\"\/><\/figure>\n\n\n\n<p>25 Mart 2023 tarihinde T\u00fcrk tak\u0131m\u0131n\u0131n 2-1 skorla kazand\u0131\u011f\u0131 Ermenistan ve T\u00fcrkiye milli tak\u0131mlar\u0131 aras\u0131nda Erivan\u2019da oynanan 2024 Avrupa Futbol \u015eampiyonas\u0131 \u00f6n eleme ma\u00e7\u0131nda Ermeni taraftarlar\u0131 \u0130stiklal Mar\u015f\u0131\u2019n\u0131 yuhalarken, birka\u00e7 milliyet\u00e7i pankart kald\u0131rm\u0131\u015flard\u0131r. Bunlar\u0131n aras\u0131nda \u00f6zellikle NEMES\u0130S slogan\u0131 g\u00f6ze batmaktad\u0131r.<\/p>\n\n\n\n<p>En son 27 Nisan 2023 tarihinde Erivan\u2019da Nemesis An\u0131t\u0131, bir t\u00f6renle a\u00e7\u0131lm\u0131\u015ft\u0131r. Bu duruma T\u00fcrk taraf\u0131ndan hemen tepki gelmi\u015ftir. D\u0131\u015fi\u015fleri Bakanl\u0131\u011f\u0131\u2019ndan yap\u0131lan yaz\u0131l\u0131 a\u00e7\u0131klamada \u015funlar yazmaktad\u0131r:<\/p>\n\n\n\n<p>\u201c1920\u2019li y\u0131llar\u0131n ba\u015flar\u0131nda Osmanl\u0131 siyasi ve askeri liderlerinin yan\u0131 s\u0131ra d\u00f6nemin Azerbaycanl\u0131 yetkililerine ve hatta baz\u0131 Ermeni as\u0131ll\u0131 Osmanl\u0131 vatanda\u015flar\u0131na kar\u015f\u0131 ger\u00e7ekle\u015ftirilen suikastlar\u0131n faillerine ithaf edilen \u2018Nemesis An\u0131t\u0131\u2019n\u0131n Erivan\u2019da a\u00e7\u0131lmas\u0131n\u0131 \u015fiddetle k\u0131n\u0131yoruz. Bu utan\u00e7 verici an\u0131t\u0131n a\u00e7\u0131lmas\u0131, 31 diplomat\u0131m\u0131z ve aile \u00fcyelerinin katledildi\u011fi menfur ter\u00f6r sald\u0131r\u0131lar\u0131na yol a\u00e7an kanl\u0131 bir tedhi\u015f hareketinin y\u00fcceltilmesidir. Bu olay\u0131n Ermeni bas\u0131n\u0131nda takdim edili\u015f tarz\u0131 da, tasvip edilmesi m\u00fcmk\u00fcn olmayan \u00e7arp\u0131k bir tarih yorumunun baz\u0131 zihinlerde halen devam etti\u011fini g\u00f6stermektedir. T\u00fcrkiye ve&nbsp;<a href=\"https:\/\/www.dha.com.tr\/haberleri\/ermenistan\" target=\"_blank\" rel=\"noreferrer noopener\">Ermenistan<\/a>&nbsp;aras\u0131ndaki normalle\u015fme s\u00fcrecinin ruhuyla ba\u011fda\u015fmayan bu t\u00fcr provokatif ad\u0131mlar, b\u00f6lgede kal\u0131c\u0131 ve s\u00fcrd\u00fcr\u00fclebilir bar\u0131\u015f ve istikrar\u0131n tesisine y\u00f6nelik \u00e7abalara hi\u00e7bir suretle katk\u0131 sa\u011flamayacak, tam tersine normalle\u015fme s\u00fcrecini olumsuz etkileyecektir\u201d<\/p>\n\n\n\n<p>B\u00f6ylelikle ortaya \u00e7\u0131kmaktad\u0131r ki Ermeni taraf\u0131 T\u00fcrkiye ile olan ili\u015fkilerin normalle\u015fmesi gibi bir niyet ta\u015f\u0131mamakta ya da en az\u0131ndan bu normalle\u015fme s\u00fcrecine haz\u0131r bulunmamaktad\u0131r. Ermeniler, asla ak\u0131llanmam\u0131\u015f, ter\u00f6r e\u011filimli bir millet olma \u00f6zelliklerinden vazge\u00e7memi\u015flerdir.<\/p>\n","protected":false},"excerpt":{"rendered":"<p>Nemesis An\u0131t\u0131\u2019n\u0131n A\u00e7\u0131l\u0131s\u0131 ve T\u00fcrkiye\u2019nin Tepkisi Ad\u0131n\u0131 Yunan mitolojisindeki \u201cintikam tanr\u0131\u00e7as\u0131\u201d olan Nemesis\u2019ten alan Nemesis Operasyonu, Ta\u015fnak Partisi taraf\u0131ndan&nbsp;Osmanl\u0131 siyasi \u2013 askeri liderinin ve Azerbaycan T\u00fcrkleri\u2019nin katledilmesi amac\u0131yla 1920 \u2013 1922 y\u0131llar\u0131nda ger\u00e7ekle\u015ftirilen gizli bir operasyondur. Liderlerinin&nbsp;\u015eahan Natali&nbsp;ve&nbsp;Karekin Past\u0131rmac\u0131yan&nbsp;oldu\u011fu operasyonun en fazla ses getiren suikastlar\u0131n\u0131n ba\u015f\u0131nda 1921 y\u0131l\u0131nda Talat Pa\u015fa\u2019n\u0131n Berlin\u2019de \u015fehit edilmesi gelmektedir. Nemesis [&hellip;]<\/p>\n","protected":false},"author":1,"featured_media":8482,"comment_status":"open","ping_status":"open","sticky":false,"template":"","format":"standard","meta":{"_acf_changed":false,"footnotes":""},"categories":[151,153],"tags":[],"class_list":["post-9005","post","type-post","status-publish","format-standard","has-post-thumbnail","hentry","category-analizler-en","category-yayinlar-en"],"acf":[],"featured_image_src":{"landsacpe":["https:\/\/asadplatformu.com\/wp-content\/uploads\/2025\/03\/dgsdfg-300x150-1.jpg",300,150,false],"list":["https:\/\/asadplatformu.com\/wp-content\/uploads\/2025\/03\/dgsdfg-300x150-1.jpg",300,150,false],"medium":["https:\/\/asadplatformu.com\/wp-content\/uploads\/2025\/03\/dgsdfg-300x150-1.jpg",300,150,false],"full":["https:\/\/asadplatformu.com\/wp-content\/uploads\/2025\/03\/dgsdfg-300x150-1.jpg",300,150,false]},"_links":{"self":[{"href":"https:\/\/asadplatformu.com\/en\/wp-json\/wp\/v2\/posts\/9005","targetHints":{"allow":["GET"]}}],"collection":[{"href":"https:\/\/asadplatformu.com\/en\/wp-json\/wp\/v2\/posts"}],"about":[{"href":"https:\/\/asadplatformu.com\/en\/wp-json\/wp\/v2\/types\/post"}],"author":[{"embeddable":true,"href":"https:\/\/asadplatformu.com\/en\/wp-json\/wp\/v2\/users\/1"}],"replies":[{"embeddable":true,"href":"https:\/\/asadplatformu.com\/en\/wp-json\/wp\/v2\/comments?post=9005"}],"version-history":[{"count":0,"href":"https:\/\/asadplatformu.com\/en\/wp-json\/wp\/v2\/posts\/9005\/revisions"}],"wp:featuredmedia":[{"embeddable":true,"href":"https:\/\/asadplatformu.com\/en\/wp-json\/wp\/v2\/media\/8482"}],"wp:attachment":[{"href":"https:\/\/asadplatformu.com\/en\/wp-json\/wp\/v2\/media?parent=9005"}],"wp:term":[{"taxonomy":"category","embeddable":true,"href":"https:\/\/asadplatformu.com\/en\/wp-json\/wp\/v2\/categories?post=9005"},{"taxonomy":"post_tag","embeddable":true,"href":"https:\/\/asadplatformu.com\/en\/wp-json\/wp\/v2\/tags?post=9005"}],"curies":[{"name":"wp","href":"https:\/\/api.w.org\/{rel}","templated":true}]}}