{"id":9007,"date":"2025-03-11T10:31:32","date_gmt":"2025-03-11T10:31:32","guid":{"rendered":"https:\/\/asadplatformu.com\/rus-gazi-avrupayi-parcalara-ayirmaya-mi-basladi\/"},"modified":"2025-03-11T10:31:32","modified_gmt":"2025-03-11T10:31:32","slug":"rus-gazi-avrupayi-parcalara-ayirmaya-mi-basladi","status":"publish","type":"post","link":"https:\/\/asadplatformu.com\/en\/rus-gazi-avrupayi-parcalara-ayirmaya-mi-basladi\/","title":{"rendered":"Rus Gaz\u0131 Avrupa\u2019y\u0131 Par\u00e7alara Ay\u0131rmaya m\u0131 Ba\u015flad\u0131?"},"content":{"rendered":"\n<p>11.05.2023 tarihinde \u015fekil olarak birbirine \u00e7ok benzeyen ama anlam olarak taban tabana z\u0131t iki haber ayn\u0131 anda geldi.&nbsp;Avrupa Komisyonu Ba\u015fkan Yard\u0131mc\u0131s\u0131 Maros Sefcovic, kurulu\u015fun i\u00e7indeki bir\u00e7ok \u00fclkeyi ve AggregateEU \u200b\u200badl\u0131 \u00f6zel \u015firketi tek bir tarafta toplamay\u0131 ba\u015fard\u0131\u011f\u0131n\u0131 ilan etti. Bu ba\u011flamda b\u00f6lgede do\u011fal gaz al\u0131m\u0131 i\u00e7in ilk toplu ihaleyi duyurmaktan bir ad\u0131m uzakta oldu\u011funu sevin\u00e7le bildirdi.<\/p>\n\n\n\n<p>Sefcovic\u2019e g\u00f6re platforma toplam 107 \u015firket kaydoldu ve bunlar\u0131n 77\u2019si, 11,6 milyar metrek\u00fcp gaz almay\u0131 bekledikleri ilk ihaleye resmen girdi. \u0130lk tur ihale 15 May\u0131s\u2019a kadar devam edecek.&nbsp;Bu g\u00fcnlerde, Bat\u0131l\u0131 yetkililerin bekledi\u011fi gibi, d\u0131\u015f g\u00fcvenilir tedarik\u00e7iler (Shefcovic\u2019in tan\u0131mlad\u0131\u011f\u0131 gibi tabii ki Rusya dahil de\u011fil), sab\u0131rs\u0131zl\u0131kla ve s\u00fcrekli d\u00fc\u015fen fiyatlarla, Avrupal\u0131lara en az 9,6 milyar metrek\u00fcp boru hatt\u0131 ve en az 2,8 milyar s\u0131v\u0131la\u015ft\u0131r\u0131lm\u0131\u015f do\u011fal gaz sunacak.&nbsp;<\/p>\n\n\n\n<p>Ancak Avrupa\u2019da bu haberin ne\u015fesini gelen ikinci bir mesaj tamamen bozdu.&nbsp; AB \u00fclkelerinden \u015firketler kaynak tedarik\u00e7ilerinden haber beklerken, Macaristan ve S\u0131rbistan ayn\u0131 zamanda, iki \u00fclkenin de yarar\u0131na gaz sat\u0131n alacak bir ortak giri\u015fimi duyurdular.&nbsp;<\/p>\n\n\n\n<p>Bu, D\u0131\u015fi\u015fleri Bakan\u0131 Peter Szijjarto taraf\u0131ndan, kurulmakta olan derne\u011fin devlete ait \u015firketler olan MVM ve&nbsp;S\u0131rbistangaz\u2019\u0131 i\u00e7erece\u011finin alt\u0131n\u0131 \u00e7izerek a\u00e7\u0131kland\u0131. Macaristan temsilcisi, \u00fclkesinin enerji i\u015fbirli\u011fi \u00e7er\u00e7evesinde S\u0131rbistan\u2019\u0131n \u00e7\u0131karlar\u0131n\u0131 sa\u011flamak i\u00e7in \u201cy\u00fcz milyonlarca metrek\u00fcp gaz\u0131\u201d kendi depolama tesislerinde depolamay\u0131 taahh\u00fct etti\u011fini de s\u00f6zlerine ekledi. Kesin rakam a\u00e7\u0131klanmad\u0131. Ancak daha \u00f6nce \u00f6zel yay\u0131nlarda 500 milyon metrek\u00fcp oldu\u011fu s\u00f6ylenmi\u015fti. Elbette ki bu rakam, AB i\u00e7in gerekli olan milyarlarca metrek\u00fcp\u00fc kar\u015f\u0131layamaz. Ancak Macarlar ve S\u0131rplar\u0131n toplam ihtiyac\u0131n\u0131n be\u015fte biri kadar\u0131n\u0131 kar\u015f\u0131layacak bir rezerv oldu\u011fu ispatlanm\u0131\u015ft\u0131r.<\/p>\n\n\n\n<p>Her iki olay da Avrupa\u2019n\u0131n perde arkas\u0131nda devam eden ve&nbsp;Moskova\u2019ya sevinmesi i\u00e7in nedenler vermemek i\u00e7in genellikle konu\u015fulmayan i\u00e7 siyasi \u00e7eki\u015fmelerin yo\u011funlu\u011funu yans\u0131t\u0131yor. Di\u011fer taraftan Avrupa Birli\u011fi i\u00e7inde bir \u00e7\u0131kar birli\u011fi \u00e7at\u0131\u015fmas\u0131 ya\u015fanmaktad\u0131r. Ama ilk durumdaki gibi \u00f6zel \u015firketler havu\u00e7 \u2013 sopa y\u00f6ntemiyle tek bir ticaret platformuna y\u00f6nlendirilirse, kendi \u00e7\u0131karlar\u0131na ba\u011fl\u0131l\u0131k ve tamamen g\u00f6n\u00fcll\u00fc olarak birlikte \u00e7al\u0131\u015fmaya karar veren Budape\u015fte ve Belgrad&nbsp;geri ad\u0131m atabilir. Fakat her \u015feye ra\u011fmen g\u00f6z\u00fckmektedir ki Rus gaz\u0131, Avrupa\u2019n\u0131n bir b\u00fct\u00fcn olarak ya\u015fam\u0131 \u00fczerinde makul miktarda bask\u0131 uygulamaya devam etmektedir.<\/p>\n\n\n\n<p>Bir Rus d\u00fc\u015f\u00fcnce kurulu\u015fu olan R\u0130A, durumu \u015fu s\u00f6zlerle a\u00e7\u0131klam\u0131\u015ft\u0131r:<\/p>\n\n\n\n<p>\u201c<em>Br\u00fcksel ve uydular\u0131 elbette gazs\u0131z kalamaz. Ancak es ge\u00e7ilen Rus rotas\u0131 dikkate al\u0131nd\u0131\u011f\u0131nda,&nbsp;<\/em><a href=\"https:\/\/ria.ru\/location_Norway\/\" target=\"_blank\" rel=\"noreferrer noopener\"><em>Norve\u00e7<\/em><\/a><em>,&nbsp;pratik olarak alternatifsiz kalmaktad\u0131r ki AB ve&nbsp;\u0130ngiltere\u2019ye 122 milyar metrek\u00fcp do\u011fal gaz ile rekoru k\u0131rm\u0131\u015ft\u0131r. Di\u011fer bir se\u00e7enek ise Azerbaycan\u2019dan gaz teminidir. Ancak bu rota, olduk\u00e7a ko\u015fulluluk i\u00e7ermektedir. Zira Bak\u00fc\u2019n\u00fcn imkanlar\u0131 k\u0131s\u0131tl\u0131d\u0131r.\u201d<\/em><\/p>\n\n\n\n<p>Ger\u00e7ekten de Bak\u00fc\u2019n\u00fcn \u00fc\u00e7 ana boru hatt\u0131ndan olu\u015fan g\u00fcney gaz koridoru mevcuttur: Trans-Anadolu, G\u00fcney Kafkasya ve Trans-Adriyatik.&nbsp;TANAP do\u011fal gaz boru hatt\u0131 i\u00e7in ise en \u00f6nemli akt\u00f6r T\u00fcrkiye\u2019dir. Bu konuyla ilgili R\u0130A \u015fu a\u00e7\u0131klamada bulunmu\u015ftur:&nbsp;<em>\u201cBu konuda, Ankara\u2019n\u0131n siyasi h\u0131rslar\u0131 ve 14 May\u0131s\u2019ta ya\u015fanacak se\u00e7imde olas\u0131 iktidar de\u011fi\u015fikli\u011fi gibi fakt\u00f6rler devreye girmektedir. Yeniden Recep Tayyip Erdo\u011fan\u2019\u0131n se\u00e7ilmesi durumunda unutulmamal\u0131d\u0131r ki T\u00fcrkiye\u2019nin Avrupa ile uzun s\u00fcredir han\u00e7erli bir tangosu var.\u201d<\/em><\/p>\n\n\n\n<p>K\u0131saca belirtmek gerekir ki Rusya\u2019y\u0131 s\u0131k\u0131\u015ft\u0131ran Avrupa, ba\u011f\u0131ml\u0131l\u0131ktan kurtulmad\u0131. \u00dcstelik \u015fimdi, tek bir kilit kaynak tedarik\u00e7isi yerine, ayn\u0131 anda birka\u00e7 tanesi sorunlu olan kaynak tedarik\u00e7ileri olu\u015ftu.&nbsp;Kuzeyde a\u011f\u0131rl\u0131\u011f\u0131n\u0131 art\u0131ran Norve\u00e7 ve g\u00fcneyde b\u00fcy\u00fck bir g\u00fc\u00e7 olarak sahneye \u00e7\u0131kan T\u00fcrkiye (Azerbaycan\u2019dan dolay\u0131), bu hususta neredeyse rekabetsiz duruma evrilmi\u015f durumda. Zira Orta Do\u011fu, ek tedarik anla\u015fmalar\u0131 yaparak ve yuan b\u00f6lgesine do\u011fru ilerliyor.<\/p>\n\n\n\n<p>\u00d6zetle Avrupa bu y\u0131l donmayacak, ancak g\u00fcvenilir tedarik\u00e7iler bulmakta zorluk ya\u015farsa bundan sonraki k\u0131\u015flar, \u00e7ok s\u0131cak ge\u00e7meyecek.<\/p>\n","protected":false},"excerpt":{"rendered":"<p>11.05.2023 tarihinde \u015fekil olarak birbirine \u00e7ok benzeyen ama anlam olarak taban tabana z\u0131t iki haber ayn\u0131 anda geldi.&nbsp;Avrupa Komisyonu Ba\u015fkan Yard\u0131mc\u0131s\u0131 Maros Sefcovic, kurulu\u015fun i\u00e7indeki bir\u00e7ok \u00fclkeyi ve AggregateEU \u200b\u200badl\u0131 \u00f6zel \u015firketi tek bir tarafta toplamay\u0131 ba\u015fard\u0131\u011f\u0131n\u0131 ilan etti. Bu ba\u011flamda b\u00f6lgede do\u011fal gaz al\u0131m\u0131 i\u00e7in ilk toplu ihaleyi duyurmaktan bir ad\u0131m uzakta oldu\u011funu sevin\u00e7le [&hellip;]<\/p>\n","protected":false},"author":1,"featured_media":8480,"comment_status":"open","ping_status":"open","sticky":false,"template":"","format":"standard","meta":{"_acf_changed":false,"footnotes":""},"categories":[151,153],"tags":[],"class_list":["post-9007","post","type-post","status-publish","format-standard","has-post-thumbnail","hentry","category-analizler-en","category-yayinlar-en"],"acf":[],"featured_image_src":{"landsacpe":["https:\/\/asadplatformu.com\/wp-content\/uploads\/2025\/03\/mdgh-1280x640-1-1140x445.jpg",1140,445,true],"list":["https:\/\/asadplatformu.com\/wp-content\/uploads\/2025\/03\/mdgh-1280x640-1-463x348.jpg",463,348,true],"medium":["https:\/\/asadplatformu.com\/wp-content\/uploads\/2025\/03\/mdgh-1280x640-1-300x150.jpg",300,150,true],"full":["https:\/\/asadplatformu.com\/wp-content\/uploads\/2025\/03\/mdgh-1280x640-1.jpg",1280,640,false]},"_links":{"self":[{"href":"https:\/\/asadplatformu.com\/en\/wp-json\/wp\/v2\/posts\/9007","targetHints":{"allow":["GET"]}}],"collection":[{"href":"https:\/\/asadplatformu.com\/en\/wp-json\/wp\/v2\/posts"}],"about":[{"href":"https:\/\/asadplatformu.com\/en\/wp-json\/wp\/v2\/types\/post"}],"author":[{"embeddable":true,"href":"https:\/\/asadplatformu.com\/en\/wp-json\/wp\/v2\/users\/1"}],"replies":[{"embeddable":true,"href":"https:\/\/asadplatformu.com\/en\/wp-json\/wp\/v2\/comments?post=9007"}],"version-history":[{"count":0,"href":"https:\/\/asadplatformu.com\/en\/wp-json\/wp\/v2\/posts\/9007\/revisions"}],"wp:featuredmedia":[{"embeddable":true,"href":"https:\/\/asadplatformu.com\/en\/wp-json\/wp\/v2\/media\/8480"}],"wp:attachment":[{"href":"https:\/\/asadplatformu.com\/en\/wp-json\/wp\/v2\/media?parent=9007"}],"wp:term":[{"taxonomy":"category","embeddable":true,"href":"https:\/\/asadplatformu.com\/en\/wp-json\/wp\/v2\/categories?post=9007"},{"taxonomy":"post_tag","embeddable":true,"href":"https:\/\/asadplatformu.com\/en\/wp-json\/wp\/v2\/tags?post=9007"}],"curies":[{"name":"wp","href":"https:\/\/api.w.org\/{rel}","templated":true}]}}