{"id":9028,"date":"2025-03-04T07:35:07","date_gmt":"2025-03-04T07:35:07","guid":{"rendered":"https:\/\/asadplatformu.com\/entegrasyon-hizlaniyor-turk-yatirim-fonu-ve-ortak-alfabe\/"},"modified":"2025-03-04T07:35:07","modified_gmt":"2025-03-04T07:35:07","slug":"entegrasyon-hizlaniyor-turk-yatirim-fonu-ve-ortak-alfabe","status":"publish","type":"post","link":"https:\/\/asadplatformu.com\/en\/entegrasyon-hizlaniyor-turk-yatirim-fonu-ve-ortak-alfabe\/","title":{"rendered":"Alfabede Entegrasyon"},"content":{"rendered":"\n<p><strong>TDT \u00c7er\u00e7evesinde Entegrasyon H\u0131zlan\u0131yor: T\u00fcrk Yat\u0131r\u0131m Fonu ve Ortak Alfabe<\/strong><\/p>\n\n\n\n<p>T\u00fcrkiye, Azerbaycan, Kazakistan, K\u0131rg\u0131zistan ve \u00d6zbekistan\u2019\u0131n \u00fcye; T\u00fcrkmenistan, Macaristan ve KKTC\u2019nin ise g\u00f6zlemci \u00fcye stat\u00fcs\u00fcnde bulundu\u011fu T\u00fcrk Devletleri Te\u015fkilat\u0131 (TDT), uluslararas\u0131 arenada T\u00fcrk Devletleri\u2019nin tek blok olarak tek ama g\u00fcr bir sesle politika olu\u015fturmalar\u0131 amac\u0131yla kurulmu\u015ftur. T\u00fcrk Devletleri aras\u0131nda siyasi, ekonomik, k\u00fclt\u00fcrel ve askeri entegrasyonu ama\u00e7layan TDT, 2021 y\u0131l\u0131nda kurulmu\u015f olup tarihi arka plan\u0131n\u0131 1992 y\u0131l\u0131nda kurulan T\u00fcrk Dili Konu\u015fan \u00dclkeler Zirvesi\u2019nden almaktad\u0131r.<\/p>\n\n\n\n<p>Diasporadan gen\u00e7lik \u00e7al\u0131\u015fmalar\u0131na, turizmden ortak tarihe bir\u00e7ok alanda \u00e7al\u0131\u015fmas\u0131 bulunan TDT, bug\u00fcnlerde iki konu \u00fczerine yo\u011funla\u015fm\u0131\u015ft\u0131r. Bunlardan T\u00fcrk IMF olarak da tarif edebilece\u011fimiz T\u00fcrk Yat\u0131r\u0131m Fonu\u2019dur. Fonun kurulu\u015fu, 11 Kas\u0131m 2022\u2019de Semerkant\u2019ta d\u00fczenlenen T\u00fcrk Devletleri Te\u015fkilat\u0131 9. Zirvesi\u2019nde&nbsp;kararla\u015ft\u0131r\u0131lm\u0131\u015ft\u0131r. Semerkant Zirvesi\u2019nde Liderler, T\u00fcrk Yat\u0131r\u0131m Fonu\u2019nun kurulmas\u0131na ili\u015fkin \u00f6zel bir karara imza atm\u0131\u015flard\u0131r. Nihayetinde 31 May\u0131s 2023 tarihinde T\u00fcrk Yat\u0131r\u0131m Fonu kurulmu\u015ftur.<br><\/p>\n\n\n\n<p>T\u00fcrk Yat\u0131r\u0131m Fonu, T\u00fcrk Devletleri taraf\u0131ndan kurulan ilk ve ana ortak finans kurulu\u015fudur. T\u00fcrk Devletleri\u2019nin ekonomik potansiyellerini harekete ge\u00e7irerek aralar\u0131ndaki ticari ve ekonomik i\u015fbirli\u011fini g\u00fc\u00e7lendirmeyi ve ortak projeler hayata ge\u00e7irmeyi ama\u00e7lamaktad\u0131r.&nbsp;<br>Temel olarak k\u00fc\u00e7\u00fck ve orta \u00f6l\u00e7ekli i\u015fletmeleri (KOB\u0130\u2019ler) Fonun varl\u0131klar\u0131 ve di\u011fer yetkili finans kurumlar\u0131 arac\u0131l\u0131\u011f\u0131yla finanse ederek destekleyecektir.<br><\/p>\n\n\n\n<p>Fonun \u00f6ncelikleri, \u00dcye Devletlerin giri\u015fimcili\u011fi, b\u00fcy\u00fcmeyi, istihdam yaratmay\u0131, ara\u015ft\u0131rma ve yenili\u011fi, sosyo-ekonomik kalk\u0131nmay\u0131 te\u015fvik etmek olacakt\u0131r:<br>\u2022 Tar\u0131m (g\u0131da i\u015fleme, tar\u0131m ticareti, tar\u0131m parklar\u0131 vb.),<br>\u2022 Lojistik ve ula\u015f\u0131m,<br>\u2022 Enerji verimlili\u011fi, yenilenebilir ve alternatif enerji,<br>\u2022 \u0130malatta end\u00fcstriyel projeler (tekstil, motorlu ta\u015f\u0131tlar, ila\u00e7 ve t\u0131bbi ekipman, havac\u0131l\u0131k ekipmanlar\u0131, kimyasal vb.) ),<br>\u2022 Bilgi ve \u0130leti\u015fim Teknolojileri,<br>\u2022 Turizm,<br>\u2022 Altyap\u0131 projeleri,<br>\u2022 Kamu \u00d6zel \u0130\u015fbirli\u011fi projeleri,<br>\u2022 \u0130nsani geli\u015fme (e\u011fitim, sa\u011fl\u0131k, ara\u015ft\u0131rma merkezleri vb.)<br>\u2022 Yarat\u0131c\u0131 end\u00fcstriler (dijital ekonomi, k\u00fclt\u00fcrel faaliyetler, m\u00fczik, film, tasar\u0131m vb.)<br>\u2022 Do\u011fal ve kentsel \u00e7evre d\u00fczenlemeleri (su, at\u0131k , temiz hava, \u015fehir i\u00e7i ula\u015f\u0131m vb.).<\/p>\n\n\n\n<p>TDT kapsam\u0131nda sevindirici bir ba\u015fka haber ise k\u00fclt\u00fcrel alandaki en temel ve en \u00f6nemli entegrasyon hareketi olan Ortak Alfabenin kurulmas\u0131 \u00e7al\u0131\u015fmalar\u0131d\u0131r. \u201cDilde, Fikirde, \u0130\u015fte Birlik\u201d mottosunun sahibi, 19. Y\u00fczy\u0131l\u0131n \u00fcnl\u00fc T\u00fcrk fikir adam\u0131 \u0130smail Gasp\u0131ral\u0131\u2019n\u0131n da \u00f6ng\u00f6rd\u00fc\u011f\u00fc \u00fczere dil birli\u011fi sa\u011flanmadan fikir; fikir birli\u011fi sa\u011flanmadan i\u015f birli\u011fi sa\u011flanamaz. 1992 y\u0131l\u0131ndan beri bu kapsamda dil birli\u011fi \u00e7al\u0131\u015fmalar\u0131 devam etmektedir. 2022 y\u0131l\u0131nda al\u0131nan bir kararla ortak bir alfabe olu\u015fturulmas\u0131 i\u00e7in DT b\u00fcnyesinde \u201cOrtak Alfabe Komisyonu\u201d kurulmas\u0131 kararla\u015ft\u0131r\u0131lm\u0131\u015ft\u0131r.<\/p>\n\n\n\n<p>T\u00fcrk Cumhuriyetleri\u2019nin dille ilgili resmi kurumlar\u0131nca \u00f6nerilecek 2\u2019\u015fer \u00fcyeden olu\u015facak komisyon, TDT Aksakallar Konseyi\u2019ne ortak alfabe ve ondan \u00fcretilecek ulusal alfabelerle ilgili rapor haz\u0131rlayacak \u015fekilde dizayn edilmi\u015ftir. T\u00fcrk D\u00fcnyas\u0131 Ortak Alfabe Komisyonu\u2019nun ilk toplant\u0131s\u0131 Uluslararas\u0131 T\u00fcrk Akademisi\u2019nin ev sahipli\u011finde Kazakistan\u2019\u0131n ba\u015fkenti Astana\u2019da 29 May\u0131s 2023 tarihinde d\u00fczenlemi\u015ftir.<\/p>\n\n\n\n<p>TDT b\u00fcnyesinde s\u0131k\u0131 bir bi\u00e7imde devam eden entegrasyon \u00e7al\u0131\u015fmalar\u0131na bu yeni iki konunun da dahil olmas\u0131yla beraber T\u00fcrk Devletleri birbirine daha fazla kenetlenmi\u015f g\u00f6z\u00fckmektedir. 2023 T\u00fcrkiye Cumhurba\u015fkanl\u0131\u011f\u0131 se\u00e7iminde sn. Cumhurba\u015fkan\u0131m\u0131z Recep Tayyip Erdo\u011fan\u2019\u0131 ilk arayanlar\u0131n, \u00e7o\u011funlukla T\u00fcrk Devletleri\u2019nden oldu\u011fu da g\u00f6ze \u00e7arpan bir husustur.<\/p>\n","protected":false},"excerpt":{"rendered":"<p>TDT \u00c7er\u00e7evesinde Entegrasyon H\u0131zlan\u0131yor: T\u00fcrk Yat\u0131r\u0131m Fonu ve Ortak Alfabe T\u00fcrkiye, Azerbaycan, Kazakistan, K\u0131rg\u0131zistan ve \u00d6zbekistan\u2019\u0131n \u00fcye; T\u00fcrkmenistan, Macaristan ve KKTC\u2019nin ise g\u00f6zlemci \u00fcye stat\u00fcs\u00fcnde bulundu\u011fu T\u00fcrk Devletleri Te\u015fkilat\u0131 (TDT), uluslararas\u0131 arenada T\u00fcrk Devletleri\u2019nin tek blok olarak tek ama g\u00fcr bir sesle politika olu\u015fturmalar\u0131 amac\u0131yla kurulmu\u015ftur. T\u00fcrk Devletleri aras\u0131nda siyasi, ekonomik, k\u00fclt\u00fcrel ve askeri entegrasyonu [&hellip;]<\/p>\n","protected":false},"author":1,"featured_media":8357,"comment_status":"open","ping_status":"open","sticky":false,"template":"","format":"standard","meta":{"_acf_changed":false,"footnotes":""},"categories":[151,153],"tags":[],"class_list":["post-9028","post","type-post","status-publish","format-standard","has-post-thumbnail","hentry","category-analizler-en","category-yayinlar-en"],"acf":[],"featured_image_src":{"landsacpe":["https:\/\/asadplatformu.com\/wp-content\/uploads\/2025\/03\/nasuh-mahruki-538x269-1.jpg",538,269,false],"list":["https:\/\/asadplatformu.com\/wp-content\/uploads\/2025\/03\/nasuh-mahruki-538x269-1-463x269.jpg",463,269,true],"medium":["https:\/\/asadplatformu.com\/wp-content\/uploads\/2025\/03\/nasuh-mahruki-538x269-1-300x150.jpg",300,150,true],"full":["https:\/\/asadplatformu.com\/wp-content\/uploads\/2025\/03\/nasuh-mahruki-538x269-1.jpg",538,269,false]},"_links":{"self":[{"href":"https:\/\/asadplatformu.com\/en\/wp-json\/wp\/v2\/posts\/9028","targetHints":{"allow":["GET"]}}],"collection":[{"href":"https:\/\/asadplatformu.com\/en\/wp-json\/wp\/v2\/posts"}],"about":[{"href":"https:\/\/asadplatformu.com\/en\/wp-json\/wp\/v2\/types\/post"}],"author":[{"embeddable":true,"href":"https:\/\/asadplatformu.com\/en\/wp-json\/wp\/v2\/users\/1"}],"replies":[{"embeddable":true,"href":"https:\/\/asadplatformu.com\/en\/wp-json\/wp\/v2\/comments?post=9028"}],"version-history":[{"count":0,"href":"https:\/\/asadplatformu.com\/en\/wp-json\/wp\/v2\/posts\/9028\/revisions"}],"wp:featuredmedia":[{"embeddable":true,"href":"https:\/\/asadplatformu.com\/en\/wp-json\/wp\/v2\/media\/8357"}],"wp:attachment":[{"href":"https:\/\/asadplatformu.com\/en\/wp-json\/wp\/v2\/media?parent=9028"}],"wp:term":[{"taxonomy":"category","embeddable":true,"href":"https:\/\/asadplatformu.com\/en\/wp-json\/wp\/v2\/categories?post=9028"},{"taxonomy":"post_tag","embeddable":true,"href":"https:\/\/asadplatformu.com\/en\/wp-json\/wp\/v2\/tags?post=9028"}],"curies":[{"name":"wp","href":"https:\/\/api.w.org\/{rel}","templated":true}]}}