{"id":9044,"date":"2024-01-26T15:37:25","date_gmt":"2024-01-26T12:37:25","guid":{"rendered":"https:\/\/asadplatformu.com\/asad-genel-baskani-murat-doganay-ak-parti-genel-baskan-yardimcisi-ve-teskilat-baskani-erkan-kandemir-ile-ak-parti-teskilat-sorumlulari-birlikte-yemekli-sohbette-bir-araya-geldiler\/"},"modified":"2024-01-26T15:37:25","modified_gmt":"2024-01-26T12:37:25","slug":"asad-genel-baskani-murat-doganay-ak-parti-genel-baskan-yardimcisi-ve-teskilat-baskani-erkan-kandemir-ile-ak-parti-teskilat-sorumlulari-birlikte-yemekli-sohbette-bir-araya-geldiler","status":"publish","type":"post","link":"https:\/\/asadplatformu.com\/en\/asad-genel-baskani-murat-doganay-ak-parti-genel-baskan-yardimcisi-ve-teskilat-baskani-erkan-kandemir-ile-ak-parti-teskilat-sorumlulari-birlikte-yemekli-sohbette-bir-araya-geldiler\/","title":{"rendered":"ASAD Genel Ba\u015fkan\u0131 Murat Do\u011fanay, Ak Parti Genel Ba\u015fkan Yard\u0131mc\u0131s\u0131 ve Te\u015fkilat Ba\u015fkan\u0131 Erkan Kandemir ile AK Parti Te\u015fkilat sorumlular\u0131 birlikte yemekli sohbette bir araya geldiler."},"content":{"rendered":"<p>ASAD (Avrasya Stratejik Ara\u015ft\u0131rmalar Platformu) Genel Ba\u015fkan\u0131 Murat Do\u011fanay, Ak Parti Genel Ba\u015fkan Yard\u0131mc\u0131s\u0131 ve Te\u015fkilat Ba\u015fkan\u0131 Erkan Kandemir, AK Parti Te\u015fkilat sorumlular\u0131 ve ASAD&#8217;\u0131n Y\u00f6netim Kurulu \u00dcyeleri ile birlikte yemekli sohbette bir araya geldiler. G\u00fcndeme dair konular \u00fczerine isti\u015fareler ger\u00e7ekle\u015ftirildi.<\/p>\n<p>&nbsp;<\/p>\n<p><img fetchpriority=\"high\" decoding=\"async\" class=\"aligncenter size-full wp-image-7152\" src=\"https:\/\/asadplatformu.com\/wp-content\/uploads\/2024\/01\/IMG-20240126-WA0004.jpg\" alt=\"\" width=\"1600\" height=\"1200\" \/><img decoding=\"async\" class=\"aligncenter size-full wp-image-7151\" src=\"https:\/\/asadplatformu.com\/wp-content\/uploads\/2024\/01\/IMG-20240126-WA0007.jpg\" alt=\"\" width=\"581\" height=\"1200\" \/><\/p>\n","protected":false},"excerpt":{"rendered":"<p>ASAD (Avrasya Stratejik Ara\u015ft\u0131rmalar Platformu) Genel Ba\u015fkan\u0131 Murat Do\u011fanay, Ak Parti Genel Ba\u015fkan Yard\u0131mc\u0131s\u0131 ve Te\u015fkilat Ba\u015fkan\u0131 Erkan Kandemir, AK Parti Te\u015fkilat sorumlular\u0131 ve ASAD&#8217;\u0131n Y\u00f6netim Kurulu \u00dcyeleri ile birlikte yemekli sohbette bir araya geldiler. G\u00fcndeme dair konular \u00fczerine isti\u015fareler ger\u00e7ekle\u015ftirildi. &nbsp;<\/p>\n","protected":false},"author":1,"featured_media":0,"comment_status":"closed","ping_status":"closed","sticky":false,"template":"","format":"standard","meta":{"_acf_changed":false,"footnotes":""},"categories":[156],"tags":[],"class_list":["post-9044","post","type-post","status-publish","format-standard","hentry","category-uluslararasi-is-forumlari-en"],"acf":[],"featured_image_src":{"landsacpe":false,"list":false,"medium":false,"full":false},"_links":{"self":[{"href":"https:\/\/asadplatformu.com\/en\/wp-json\/wp\/v2\/posts\/9044","targetHints":{"allow":["GET"]}}],"collection":[{"href":"https:\/\/asadplatformu.com\/en\/wp-json\/wp\/v2\/posts"}],"about":[{"href":"https:\/\/asadplatformu.com\/en\/wp-json\/wp\/v2\/types\/post"}],"author":[{"embeddable":true,"href":"https:\/\/asadplatformu.com\/en\/wp-json\/wp\/v2\/users\/1"}],"replies":[{"embeddable":true,"href":"https:\/\/asadplatformu.com\/en\/wp-json\/wp\/v2\/comments?post=9044"}],"version-history":[{"count":0,"href":"https:\/\/asadplatformu.com\/en\/wp-json\/wp\/v2\/posts\/9044\/revisions"}],"wp:attachment":[{"href":"https:\/\/asadplatformu.com\/en\/wp-json\/wp\/v2\/media?parent=9044"}],"wp:term":[{"taxonomy":"category","embeddable":true,"href":"https:\/\/asadplatformu.com\/en\/wp-json\/wp\/v2\/categories?post=9044"},{"taxonomy":"post_tag","embeddable":true,"href":"https:\/\/asadplatformu.com\/en\/wp-json\/wp\/v2\/tags?post=9044"}],"curies":[{"name":"wp","href":"https:\/\/api.w.org\/{rel}","templated":true}]}}