{"id":9046,"date":"2024-01-12T13:16:24","date_gmt":"2024-01-12T10:16:24","guid":{"rendered":"https:\/\/asadplatformu.com\/asad-avrasya-stratejik-arastirmalar-platformu-genel-baskani-murat-doganay-karaca-yonetim-kurulu-baskani-sn-fatih-karaca-beyi-ve-ekibini-ziyaret-etti\/"},"modified":"2024-01-12T13:16:24","modified_gmt":"2024-01-12T10:16:24","slug":"asad-avrasya-stratejik-arastirmalar-platformu-genel-baskani-murat-doganay-karaca-yonetim-kurulu-baskani-sn-fatih-karaca-beyi-ve-ekibini-ziyaret-etti","status":"publish","type":"post","link":"https:\/\/asadplatformu.com\/en\/asad-avrasya-stratejik-arastirmalar-platformu-genel-baskani-murat-doganay-karaca-yonetim-kurulu-baskani-sn-fatih-karaca-beyi-ve-ekibini-ziyaret-etti\/","title":{"rendered":"ASAD (Avrasya Stratejik Ara\u015ft\u0131rmalar Platformu) Genel Ba\u015fkan\u0131 Murat Do\u011fanay, Karaca Y\u00f6netim Kurulu Ba\u015fkan\u0131 Sn. Fatih Karaca Bey&#8217;i ve ekibini ziyaret etti."},"content":{"rendered":"<p>ASAD (Avrasya Stratejik Ara\u015ft\u0131rmalar Platformu) Genel Ba\u015fkan\u0131 Murat Do\u011fanay, Karaca Y\u00f6netim Kurulu Ba\u015fkan\u0131 Sn. Fatih Karaca Bey&#8217;i ve ekibini ziyaret etti. Samimi \u015fekilde ge\u00e7en g\u00f6r\u00fc\u015fmenin sonunda ASAD (Avrasya Stratejik Ara\u015ft\u0131rmalar Platformu) Genel Ba\u015fkan\u0131 Murat Do\u011fanay, Karaca Y\u00f6netim Kurulu Ba\u015fkan\u0131 Sn. Fatih Karaca Bey\u2019e plaketini takdim etti.<\/p>\n<p>&nbsp;<\/p>\n<p>&nbsp;<\/p>\n<p><img fetchpriority=\"high\" decoding=\"async\" class=\"aligncenter  wp-image-7138\" src=\"https:\/\/asadplatformu.com\/wp-content\/uploads\/2024\/01\/WhatsApp-Gorsel-2024-01-12-saat-12.51.01_2ef9fe77-1.jpg\" alt=\"\" width=\"768\" height=\"576\" \/><\/p>\n<p>&nbsp;<\/p>\n<p><img decoding=\"async\" class=\"aligncenter size-full wp-image-7139\" src=\"https:\/\/asadplatformu.com\/wp-content\/uploads\/2024\/01\/WhatsApp-Gorsel-2024-01-12-saat-12.51.01_14760fd3.jpg\" alt=\"\" width=\"768\" height=\"1024\" \/><\/p>\n","protected":false},"excerpt":{"rendered":"<p>ASAD (Avrasya Stratejik Ara\u015ft\u0131rmalar Platformu) Genel Ba\u015fkan\u0131 Murat Do\u011fanay, Karaca Y\u00f6netim Kurulu Ba\u015fkan\u0131 Sn. Fatih Karaca Bey&#8217;i ve ekibini ziyaret etti. Samimi \u015fekilde ge\u00e7en g\u00f6r\u00fc\u015fmenin sonunda ASAD (Avrasya Stratejik Ara\u015ft\u0131rmalar Platformu) Genel Ba\u015fkan\u0131 Murat Do\u011fanay, Karaca Y\u00f6netim Kurulu Ba\u015fkan\u0131 Sn. Fatih Karaca Bey\u2019e plaketini takdim etti. &nbsp; &nbsp; &nbsp;<\/p>\n","protected":false},"author":1,"featured_media":0,"comment_status":"closed","ping_status":"closed","sticky":false,"template":"","format":"standard","meta":{"_acf_changed":false,"footnotes":""},"categories":[156],"tags":[],"class_list":["post-9046","post","type-post","status-publish","format-standard","hentry","category-uluslararasi-is-forumlari-en"],"acf":[],"featured_image_src":{"landsacpe":false,"list":false,"medium":false,"full":false},"_links":{"self":[{"href":"https:\/\/asadplatformu.com\/en\/wp-json\/wp\/v2\/posts\/9046","targetHints":{"allow":["GET"]}}],"collection":[{"href":"https:\/\/asadplatformu.com\/en\/wp-json\/wp\/v2\/posts"}],"about":[{"href":"https:\/\/asadplatformu.com\/en\/wp-json\/wp\/v2\/types\/post"}],"author":[{"embeddable":true,"href":"https:\/\/asadplatformu.com\/en\/wp-json\/wp\/v2\/users\/1"}],"replies":[{"embeddable":true,"href":"https:\/\/asadplatformu.com\/en\/wp-json\/wp\/v2\/comments?post=9046"}],"version-history":[{"count":0,"href":"https:\/\/asadplatformu.com\/en\/wp-json\/wp\/v2\/posts\/9046\/revisions"}],"wp:attachment":[{"href":"https:\/\/asadplatformu.com\/en\/wp-json\/wp\/v2\/media?parent=9046"}],"wp:term":[{"taxonomy":"category","embeddable":true,"href":"https:\/\/asadplatformu.com\/en\/wp-json\/wp\/v2\/categories?post=9046"},{"taxonomy":"post_tag","embeddable":true,"href":"https:\/\/asadplatformu.com\/en\/wp-json\/wp\/v2\/tags?post=9046"}],"curies":[{"name":"wp","href":"https:\/\/api.w.org\/{rel}","templated":true}]}}