{"id":9047,"date":"2024-01-09T10:44:03","date_gmt":"2024-01-09T07:44:03","guid":{"rendered":"https:\/\/asadplatformu.com\/thy-yonetim-kurulu-baskani-ahmet-bolat-thy-genel-muduru-bilal-eksi-ve-prof-ismail-hakki-aydin-ile-havacilik-uzerine-yemekli-sohbet-gerceklestirildi\/"},"modified":"2024-01-09T10:44:03","modified_gmt":"2024-01-09T07:44:03","slug":"thy-yonetim-kurulu-baskani-ahmet-bolat-thy-genel-muduru-bilal-eksi-ve-prof-ismail-hakki-aydin-ile-havacilik-uzerine-yemekli-sohbet-gerceklestirildi","status":"publish","type":"post","link":"https:\/\/asadplatformu.com\/en\/thy-yonetim-kurulu-baskani-ahmet-bolat-thy-genel-muduru-bilal-eksi-ve-prof-ismail-hakki-aydin-ile-havacilik-uzerine-yemekli-sohbet-gerceklestirildi\/","title":{"rendered":"THY Y\u00f6netim Kurulu Ba\u015fkan\u0131 Ahmet Bolat, THY Genel M\u00fcd\u00fcr\u00fc Bilal Ek\u015fi ve Prof. \u0130smail Hakk\u0131 Ayd\u0131n ile havac\u0131l\u0131k \u00fczerine yemekli sohbet ger\u00e7ekle\u015ftirildi."},"content":{"rendered":"<p>T\u00fcrk Hava Yollar\u0131 (THY) Y\u00f6netim Kurulu Ba\u015fkan\u0131 Ahmet Bolat, THY Genel M\u00fcd\u00fcr\u00fc Bilal Ek\u015fi ve Prof. \u0130smail Hakk\u0131 Ayd\u0131n aras\u0131nda ger\u00e7ekle\u015fen yemekli sohbette havac\u0131l\u0131k sekt\u00f6r\u00fc \u00fczerine \u00f6nemli de\u011ferlendirmeler yap\u0131ld\u0131. Toplant\u0131da, sekt\u00f6rdeki g\u00fcncel geli\u015fmeler, havayolu gelecek planlar\u0131 ve havac\u0131l\u0131k alan\u0131ndaki genel trendler ele al\u0131nd\u0131.<\/p>\n<p>ASAD (Avrasya Stratejik Ara\u015ft\u0131rmalar Platformu) Genel Ba\u015fkan\u0131 Murat Do\u011fanay taraf\u0131ndan gelenekselle\u015fmi\u015f olan K\u0131z\u0131l Elma kendilerine takdim edildi.<\/p>\n<p>&nbsp;<\/p>\n<p><img fetchpriority=\"high\" decoding=\"async\" class=\"aligncenter size-full wp-image-7130\" src=\"https:\/\/asadplatformu.com\/wp-content\/uploads\/2024\/01\/WhatsApp-Gorsel-2024-01-09-saat-10.09.07_2ef16cc6.jpg\" alt=\"\" width=\"1024\" height=\"768\" \/><img decoding=\"async\" class=\"aligncenter size-full wp-image-7131\" src=\"https:\/\/asadplatformu.com\/wp-content\/uploads\/2024\/01\/WhatsApp-Gorsel-2024-01-09-saat-10.09.07_6c17aa3d.jpg\" alt=\"\" width=\"1024\" height=\"768\" \/><img decoding=\"async\" class=\"aligncenter size-full wp-image-7132\" src=\"https:\/\/asadplatformu.com\/wp-content\/uploads\/2024\/01\/WhatsApp-Gorsel-2024-01-09-saat-10.09.07_c9e4b9b6.jpg\" alt=\"\" width=\"1024\" height=\"768\" \/><img loading=\"lazy\" decoding=\"async\" class=\"aligncenter size-full wp-image-7133\" src=\"https:\/\/asadplatformu.com\/wp-content\/uploads\/2024\/01\/WhatsApp-Gorsel-2024-01-09-saat-10.09.08_11e956a3.jpg\" alt=\"\" width=\"1024\" height=\"768\" \/><img loading=\"lazy\" decoding=\"async\" class=\"aligncenter size-full wp-image-7134\" src=\"https:\/\/asadplatformu.com\/wp-content\/uploads\/2024\/01\/WhatsApp-Gorsel-2024-01-09-saat-10.09.08_2727e463.jpg\" alt=\"\" width=\"1024\" height=\"768\" \/><\/p>\n","protected":false},"excerpt":{"rendered":"<p>T\u00fcrk Hava Yollar\u0131 (THY) Y\u00f6netim Kurulu Ba\u015fkan\u0131 Ahmet Bolat, THY Genel M\u00fcd\u00fcr\u00fc Bilal Ek\u015fi ve Prof. \u0130smail Hakk\u0131 Ayd\u0131n aras\u0131nda ger\u00e7ekle\u015fen yemekli sohbette havac\u0131l\u0131k sekt\u00f6r\u00fc \u00fczerine \u00f6nemli de\u011ferlendirmeler yap\u0131ld\u0131. Toplant\u0131da, sekt\u00f6rdeki g\u00fcncel geli\u015fmeler, havayolu gelecek planlar\u0131 ve havac\u0131l\u0131k alan\u0131ndaki genel trendler ele al\u0131nd\u0131. ASAD (Avrasya Stratejik Ara\u015ft\u0131rmalar Platformu) Genel Ba\u015fkan\u0131 Murat Do\u011fanay taraf\u0131ndan gelenekselle\u015fmi\u015f olan [&hellip;]<\/p>\n","protected":false},"author":1,"featured_media":0,"comment_status":"closed","ping_status":"closed","sticky":false,"template":"","format":"standard","meta":{"_acf_changed":false,"footnotes":""},"categories":[156],"tags":[],"class_list":["post-9047","post","type-post","status-publish","format-standard","hentry","category-uluslararasi-is-forumlari-en"],"acf":[],"featured_image_src":{"landsacpe":false,"list":false,"medium":false,"full":false},"_links":{"self":[{"href":"https:\/\/asadplatformu.com\/en\/wp-json\/wp\/v2\/posts\/9047","targetHints":{"allow":["GET"]}}],"collection":[{"href":"https:\/\/asadplatformu.com\/en\/wp-json\/wp\/v2\/posts"}],"about":[{"href":"https:\/\/asadplatformu.com\/en\/wp-json\/wp\/v2\/types\/post"}],"author":[{"embeddable":true,"href":"https:\/\/asadplatformu.com\/en\/wp-json\/wp\/v2\/users\/1"}],"replies":[{"embeddable":true,"href":"https:\/\/asadplatformu.com\/en\/wp-json\/wp\/v2\/comments?post=9047"}],"version-history":[{"count":0,"href":"https:\/\/asadplatformu.com\/en\/wp-json\/wp\/v2\/posts\/9047\/revisions"}],"wp:attachment":[{"href":"https:\/\/asadplatformu.com\/en\/wp-json\/wp\/v2\/media?parent=9047"}],"wp:term":[{"taxonomy":"category","embeddable":true,"href":"https:\/\/asadplatformu.com\/en\/wp-json\/wp\/v2\/categories?post=9047"},{"taxonomy":"post_tag","embeddable":true,"href":"https:\/\/asadplatformu.com\/en\/wp-json\/wp\/v2\/tags?post=9047"}],"curies":[{"name":"wp","href":"https:\/\/api.w.org\/{rel}","templated":true}]}}