{"id":9048,"date":"2023-12-28T12:50:15","date_gmt":"2023-12-28T09:50:15","guid":{"rendered":"https:\/\/asadplatformu.com\/asad-genel-baskani-murat-doganay-dalgakiran-yonetim-kurulu-baskani-sn-adnan-dalgakiran-beyi-ziyaret-etti\/"},"modified":"2023-12-28T12:50:15","modified_gmt":"2023-12-28T09:50:15","slug":"asad-genel-baskani-murat-doganay-dalgakiran-yonetim-kurulu-baskani-sn-adnan-dalgakiran-beyi-ziyaret-etti","status":"publish","type":"post","link":"https:\/\/asadplatformu.com\/en\/asad-genel-baskani-murat-doganay-dalgakiran-yonetim-kurulu-baskani-sn-adnan-dalgakiran-beyi-ziyaret-etti\/","title":{"rendered":"ASAD Genel Ba\u015fkan\u0131 Murat Do\u011fanay, DALGAKIRAN Y\u00f6netim Kurulu Ba\u015fkan\u0131 sn. Adnan Dalgak\u0131ran beyi ziyaret etti."},"content":{"rendered":"<p>ASAD (Avrasya Stratejik Ara\u015ft\u0131rmalar Platformu) Genel Ba\u015fkan\u0131 Murat Do\u011fanay, enerji sekt\u00f6r\u00fcnde \u00f6nc\u00fc firmalardan biri olan DALGAKIRAN&#8217;\u0131n Y\u00f6netim Kurulu Ba\u015fkan\u0131 Sn. Adnan Dalgak\u0131ran&#8217;\u0131 ziyaret etti. Ziyaret kapsam\u0131nda, sekt\u00f6re y\u00f6nelik i\u015fbirlikleri ve sekt\u00f6rdeki g\u00fcncel geli\u015fmeler hakk\u0131nda g\u00f6r\u00fc\u015f al\u0131\u015fveri\u015finde bulunuldu. \u0130ki lider, enerji sekt\u00f6r\u00fcndeki i\u015fbirli\u011fi olanaklar\u0131n\u0131 de\u011ferlendirerek, sekt\u00f6rdeki T\u00fcrkiye&#8217;nin ortak hedeflere ula\u015fmas\u0131 konusunda fikir birli\u011fine vard\u0131. Ziyaret, sekt\u00f6rdeki \u00f6nemli akt\u00f6rler aras\u0131ndaki i\u015fbirli\u011fini g\u00fc\u00e7lendirmeyi ama\u00e7layan bir ad\u0131m olarak dikkat \u00e7ekti. Akabinde K\u0131z\u0131l Elma kendilerine takdim edildi.<\/p>\n<p>&nbsp;<\/p>\n<p><img fetchpriority=\"high\" decoding=\"async\" class=\"aligncenter size-full wp-image-7126\" src=\"https:\/\/asadplatformu.com\/wp-content\/uploads\/2023\/12\/WhatsApp-Gorsel-2023-12-28-saat-12.21.30_b7387db2.jpg\" alt=\"\" width=\"1024\" height=\"768\" \/><\/p>\n","protected":false},"excerpt":{"rendered":"<p>ASAD (Avrasya Stratejik Ara\u015ft\u0131rmalar Platformu) Genel Ba\u015fkan\u0131 Murat Do\u011fanay, enerji sekt\u00f6r\u00fcnde \u00f6nc\u00fc firmalardan biri olan DALGAKIRAN&#8217;\u0131n Y\u00f6netim Kurulu Ba\u015fkan\u0131 Sn. Adnan Dalgak\u0131ran&#8217;\u0131 ziyaret etti. Ziyaret kapsam\u0131nda, sekt\u00f6re y\u00f6nelik i\u015fbirlikleri ve sekt\u00f6rdeki g\u00fcncel geli\u015fmeler hakk\u0131nda g\u00f6r\u00fc\u015f al\u0131\u015fveri\u015finde bulunuldu. \u0130ki lider, enerji sekt\u00f6r\u00fcndeki i\u015fbirli\u011fi olanaklar\u0131n\u0131 de\u011ferlendirerek, sekt\u00f6rdeki T\u00fcrkiye&#8217;nin ortak hedeflere ula\u015fmas\u0131 konusunda fikir birli\u011fine vard\u0131. Ziyaret, sekt\u00f6rdeki [&hellip;]<\/p>\n","protected":false},"author":1,"featured_media":0,"comment_status":"closed","ping_status":"closed","sticky":false,"template":"","format":"standard","meta":{"_acf_changed":false,"footnotes":""},"categories":[156],"tags":[],"class_list":["post-9048","post","type-post","status-publish","format-standard","hentry","category-uluslararasi-is-forumlari-en"],"acf":[],"featured_image_src":{"landsacpe":false,"list":false,"medium":false,"full":false},"_links":{"self":[{"href":"https:\/\/asadplatformu.com\/en\/wp-json\/wp\/v2\/posts\/9048","targetHints":{"allow":["GET"]}}],"collection":[{"href":"https:\/\/asadplatformu.com\/en\/wp-json\/wp\/v2\/posts"}],"about":[{"href":"https:\/\/asadplatformu.com\/en\/wp-json\/wp\/v2\/types\/post"}],"author":[{"embeddable":true,"href":"https:\/\/asadplatformu.com\/en\/wp-json\/wp\/v2\/users\/1"}],"replies":[{"embeddable":true,"href":"https:\/\/asadplatformu.com\/en\/wp-json\/wp\/v2\/comments?post=9048"}],"version-history":[{"count":0,"href":"https:\/\/asadplatformu.com\/en\/wp-json\/wp\/v2\/posts\/9048\/revisions"}],"wp:attachment":[{"href":"https:\/\/asadplatformu.com\/en\/wp-json\/wp\/v2\/media?parent=9048"}],"wp:term":[{"taxonomy":"category","embeddable":true,"href":"https:\/\/asadplatformu.com\/en\/wp-json\/wp\/v2\/categories?post=9048"},{"taxonomy":"post_tag","embeddable":true,"href":"https:\/\/asadplatformu.com\/en\/wp-json\/wp\/v2\/tags?post=9048"}],"curies":[{"name":"wp","href":"https:\/\/api.w.org\/{rel}","templated":true}]}}