{"id":9049,"date":"2023-12-26T11:10:14","date_gmt":"2023-12-26T08:10:14","guid":{"rendered":"https:\/\/asadplatformu.com\/asad-genel-baskani-murat-doganay-arzum-yonetim-kurulu-baskani-murat-kolbasini-ziyaret-etti\/"},"modified":"2023-12-26T11:10:14","modified_gmt":"2023-12-26T08:10:14","slug":"asad-genel-baskani-murat-doganay-arzum-yonetim-kurulu-baskani-murat-kolbasini-ziyaret-etti","status":"publish","type":"post","link":"https:\/\/asadplatformu.com\/en\/asad-genel-baskani-murat-doganay-arzum-yonetim-kurulu-baskani-murat-kolbasini-ziyaret-etti\/","title":{"rendered":"ASAD Genel Ba\u015fkan\u0131 Murat Do\u011fanay, Arzum Y\u00f6netim Kurulu Ba\u015fkan\u0131 Murat Kolba\u015f\u0131&#8217;n\u0131 ziyaret etti."},"content":{"rendered":"<p>ASAD (Avrasya Stratejik Ara\u015ft\u0131rmalar Platformu) Genel Ba\u015fkan\u0131 Murat Do\u011fanay, Arzum Y\u00f6netim Kurulu Ba\u015fkan\u0131 Murat Kolba\u015f\u0131&#8217;n\u0131 ziyaret etti. T\u00fcrkiye&#8217;nin markalar\u0131n\u0131 ve T\u00fcrkiye&#8217;de ki firmalar\u0131n markala\u015fma s\u00fcre\u00e7lerini, D\u00fcnyadaki di\u011fer markalar\u0131n markala\u015fma stratejileri \u00fczerinden yap\u0131lan isti\u015farelerin akabinde kendilerine K\u0131z\u0131l Elma takdim edildi. Misafirperverli\u011finden \u00f6t\u00fcr\u00fc Murat Kolba\u015f\u0131&#8217;na ASAD olarak te\u015fekk\u00fcr ederiz.<\/p>\n<p>&nbsp;<\/p>\n<p><img fetchpriority=\"high\" decoding=\"async\" class=\"aligncenter size-full wp-image-7121\" src=\"https:\/\/asadplatformu.com\/wp-content\/uploads\/2023\/12\/WhatsApp-Gorsel-2023-12-26-saat-10.47.01_7ebd7622.jpg\" alt=\"\" width=\"768\" height=\"1024\" \/><\/p>\n","protected":false},"excerpt":{"rendered":"<p>ASAD (Avrasya Stratejik Ara\u015ft\u0131rmalar Platformu) Genel Ba\u015fkan\u0131 Murat Do\u011fanay, Arzum Y\u00f6netim Kurulu Ba\u015fkan\u0131 Murat Kolba\u015f\u0131&#8217;n\u0131 ziyaret etti. T\u00fcrkiye&#8217;nin markalar\u0131n\u0131 ve T\u00fcrkiye&#8217;de ki firmalar\u0131n markala\u015fma s\u00fcre\u00e7lerini, D\u00fcnyadaki di\u011fer markalar\u0131n markala\u015fma stratejileri \u00fczerinden yap\u0131lan isti\u015farelerin akabinde kendilerine K\u0131z\u0131l Elma takdim edildi. Misafirperverli\u011finden \u00f6t\u00fcr\u00fc Murat Kolba\u015f\u0131&#8217;na ASAD olarak te\u015fekk\u00fcr ederiz. &nbsp;<\/p>\n","protected":false},"author":1,"featured_media":0,"comment_status":"closed","ping_status":"closed","sticky":false,"template":"","format":"standard","meta":{"_acf_changed":false,"footnotes":""},"categories":[156],"tags":[],"class_list":["post-9049","post","type-post","status-publish","format-standard","hentry","category-uluslararasi-is-forumlari-en"],"acf":[],"featured_image_src":{"landsacpe":false,"list":false,"medium":false,"full":false},"_links":{"self":[{"href":"https:\/\/asadplatformu.com\/en\/wp-json\/wp\/v2\/posts\/9049","targetHints":{"allow":["GET"]}}],"collection":[{"href":"https:\/\/asadplatformu.com\/en\/wp-json\/wp\/v2\/posts"}],"about":[{"href":"https:\/\/asadplatformu.com\/en\/wp-json\/wp\/v2\/types\/post"}],"author":[{"embeddable":true,"href":"https:\/\/asadplatformu.com\/en\/wp-json\/wp\/v2\/users\/1"}],"replies":[{"embeddable":true,"href":"https:\/\/asadplatformu.com\/en\/wp-json\/wp\/v2\/comments?post=9049"}],"version-history":[{"count":0,"href":"https:\/\/asadplatformu.com\/en\/wp-json\/wp\/v2\/posts\/9049\/revisions"}],"wp:attachment":[{"href":"https:\/\/asadplatformu.com\/en\/wp-json\/wp\/v2\/media?parent=9049"}],"wp:term":[{"taxonomy":"category","embeddable":true,"href":"https:\/\/asadplatformu.com\/en\/wp-json\/wp\/v2\/categories?post=9049"},{"taxonomy":"post_tag","embeddable":true,"href":"https:\/\/asadplatformu.com\/en\/wp-json\/wp\/v2\/tags?post=9049"}],"curies":[{"name":"wp","href":"https:\/\/api.w.org\/{rel}","templated":true}]}}