{"id":9050,"date":"2023-12-22T12:01:20","date_gmt":"2023-12-22T09:01:20","guid":{"rendered":"https:\/\/asadplatformu.com\/asad-yonetim-kurulu-degerli-uyemiz-sn-nilhan-osmanogluna-kizil-elmayi-takdim-etti\/"},"modified":"2023-12-22T12:01:20","modified_gmt":"2023-12-22T09:01:20","slug":"asad-yonetim-kurulu-degerli-uyemiz-sn-nilhan-osmanogluna-kizil-elmayi-takdim-etti","status":"publish","type":"post","link":"https:\/\/asadplatformu.com\/en\/asad-yonetim-kurulu-degerli-uyemiz-sn-nilhan-osmanogluna-kizil-elmayi-takdim-etti\/","title":{"rendered":"ASAD Y\u00f6netim Kurulu, de\u011ferli \u00fcyemiz Sn. Nilhan Osmano\u011flu&#8217;na K\u0131z\u0131l Elma&#8217;y\u0131 takdim etti."},"content":{"rendered":"<p>ASAD Y\u00f6netim Kurulu, 22.12.2023 tarihinde ger\u00e7ekle\u015ftirilen toplant\u0131da, de\u011ferli \u00fcyemiz Sn. Nilhan Osmano\u011flu&#8217;na K\u0131z\u0131l Elma&#8217;y\u0131 takdim etti. Sn. Osmano\u011flu&#8217;nun katk\u0131lar\u0131na te\u015fekk\u00fcr eder, ba\u015far\u0131lar\u0131n\u0131n devam\u0131n\u0131 dileriz.<\/p>\n<p>Sayg\u0131lar\u0131m\u0131zla,<\/p>\n<p>ASAD\u00a0Y\u00f6netim\u00a0Kurulu<\/p>\n<p>&nbsp;<\/p>\n<p><img fetchpriority=\"high\" decoding=\"async\" class=\"aligncenter size-full wp-image-7116\" src=\"https:\/\/asadplatformu.com\/wp-content\/uploads\/2023\/12\/WhatsApp-Gorsel-2023-12-22-saat-11.02.12_295d6a4e.jpg\" alt=\"\" width=\"610\" height=\"1024\" \/><img decoding=\"async\" class=\"aligncenter size-full wp-image-7117\" src=\"https:\/\/asadplatformu.com\/wp-content\/uploads\/2023\/12\/WhatsApp-Gorsel-2023-12-22-saat-11.02.12_cc0a6eed.jpg\" alt=\"\" width=\"768\" height=\"1024\" \/><\/p>\n","protected":false},"excerpt":{"rendered":"<p>ASAD Y\u00f6netim Kurulu, 22.12.2023 tarihinde ger\u00e7ekle\u015ftirilen toplant\u0131da, de\u011ferli \u00fcyemiz Sn. Nilhan Osmano\u011flu&#8217;na K\u0131z\u0131l Elma&#8217;y\u0131 takdim etti. Sn. Osmano\u011flu&#8217;nun katk\u0131lar\u0131na te\u015fekk\u00fcr eder, ba\u015far\u0131lar\u0131n\u0131n devam\u0131n\u0131 dileriz. Sayg\u0131lar\u0131m\u0131zla, ASAD\u00a0Y\u00f6netim\u00a0Kurulu &nbsp;<\/p>\n","protected":false},"author":1,"featured_media":0,"comment_status":"closed","ping_status":"closed","sticky":false,"template":"","format":"standard","meta":{"_acf_changed":false,"footnotes":""},"categories":[156],"tags":[],"class_list":["post-9050","post","type-post","status-publish","format-standard","hentry","category-uluslararasi-is-forumlari-en"],"acf":[],"featured_image_src":{"landsacpe":false,"list":false,"medium":false,"full":false},"_links":{"self":[{"href":"https:\/\/asadplatformu.com\/en\/wp-json\/wp\/v2\/posts\/9050","targetHints":{"allow":["GET"]}}],"collection":[{"href":"https:\/\/asadplatformu.com\/en\/wp-json\/wp\/v2\/posts"}],"about":[{"href":"https:\/\/asadplatformu.com\/en\/wp-json\/wp\/v2\/types\/post"}],"author":[{"embeddable":true,"href":"https:\/\/asadplatformu.com\/en\/wp-json\/wp\/v2\/users\/1"}],"replies":[{"embeddable":true,"href":"https:\/\/asadplatformu.com\/en\/wp-json\/wp\/v2\/comments?post=9050"}],"version-history":[{"count":0,"href":"https:\/\/asadplatformu.com\/en\/wp-json\/wp\/v2\/posts\/9050\/revisions"}],"wp:attachment":[{"href":"https:\/\/asadplatformu.com\/en\/wp-json\/wp\/v2\/media?parent=9050"}],"wp:term":[{"taxonomy":"category","embeddable":true,"href":"https:\/\/asadplatformu.com\/en\/wp-json\/wp\/v2\/categories?post=9050"},{"taxonomy":"post_tag","embeddable":true,"href":"https:\/\/asadplatformu.com\/en\/wp-json\/wp\/v2\/tags?post=9050"}],"curies":[{"name":"wp","href":"https:\/\/api.w.org\/{rel}","templated":true}]}}