{"id":9051,"date":"2023-12-21T12:34:31","date_gmt":"2023-12-21T09:34:31","guid":{"rendered":"https:\/\/asadplatformu.com\/asad-genel-baskani-murat-doganay-eren-holding-yonetim-kurulu-baskani-sn-ahmet-ereni-ziyaret-etti\/"},"modified":"2023-12-21T12:34:31","modified_gmt":"2023-12-21T09:34:31","slug":"asad-genel-baskani-murat-doganay-eren-holding-yonetim-kurulu-baskani-sn-ahmet-ereni-ziyaret-etti","status":"publish","type":"post","link":"https:\/\/asadplatformu.com\/en\/asad-genel-baskani-murat-doganay-eren-holding-yonetim-kurulu-baskani-sn-ahmet-ereni-ziyaret-etti\/","title":{"rendered":"ASAD Genel Ba\u015fkan\u0131 Murat Do\u011fanay, Eren Holding Y\u00f6netim Kurulu Ba\u015fkan\u0131 sn. Ahmet Eren&#8217;i ziyaret etti."},"content":{"rendered":"<p>ASAD Genel Ba\u015fkan\u0131 Murat Do\u011fanay, i\u015fbirli\u011fi ve dayan\u0131\u015fmay\u0131 peki\u015ftirmek amac\u0131yla Eren Holding Y\u00f6netim Kurulu Ba\u015fkan\u0131 Say\u0131n Ahmet Eren&#8217;i ziyaret etti. Ziyaret kapsam\u0131nda, kurulu\u015flar aras\u0131ndaki g\u00fc\u00e7l\u00fc ba\u011flar\u0131 simgeliyor ve geleneksel hale gelmi\u015f olan K\u0131z\u0131l Elma hediyesini Say\u0131n Ahmet Eren&#8217;e takdim etti. Bu anlaml\u0131 bulu\u015fma, gelecekteki ortak projelerin ve i\u015fbirliklerinin kap\u0131lar\u0131n\u0131 aralamak ad\u0131na \u00f6nemli bir ad\u0131m niteli\u011findedir.<\/p>\n<p>&nbsp;<\/p>\n<p><img fetchpriority=\"high\" decoding=\"async\" class=\"aligncenter size-full wp-image-7113\" src=\"https:\/\/asadplatformu.com\/wp-content\/uploads\/2023\/12\/kizil-elma.jpg\" alt=\"\" width=\"1080\" height=\"1423\" \/><\/p>\n","protected":false},"excerpt":{"rendered":"<p>ASAD Genel Ba\u015fkan\u0131 Murat Do\u011fanay, i\u015fbirli\u011fi ve dayan\u0131\u015fmay\u0131 peki\u015ftirmek amac\u0131yla Eren Holding Y\u00f6netim Kurulu Ba\u015fkan\u0131 Say\u0131n Ahmet Eren&#8217;i ziyaret etti. Ziyaret kapsam\u0131nda, kurulu\u015flar aras\u0131ndaki g\u00fc\u00e7l\u00fc ba\u011flar\u0131 simgeliyor ve geleneksel hale gelmi\u015f olan K\u0131z\u0131l Elma hediyesini Say\u0131n Ahmet Eren&#8217;e takdim etti. Bu anlaml\u0131 bulu\u015fma, gelecekteki ortak projelerin ve i\u015fbirliklerinin kap\u0131lar\u0131n\u0131 aralamak ad\u0131na \u00f6nemli bir ad\u0131m niteli\u011findedir. [&hellip;]<\/p>\n","protected":false},"author":1,"featured_media":0,"comment_status":"closed","ping_status":"closed","sticky":false,"template":"","format":"standard","meta":{"_acf_changed":false,"footnotes":""},"categories":[156],"tags":[],"class_list":["post-9051","post","type-post","status-publish","format-standard","hentry","category-uluslararasi-is-forumlari-en"],"acf":[],"featured_image_src":{"landsacpe":false,"list":false,"medium":false,"full":false},"_links":{"self":[{"href":"https:\/\/asadplatformu.com\/en\/wp-json\/wp\/v2\/posts\/9051","targetHints":{"allow":["GET"]}}],"collection":[{"href":"https:\/\/asadplatformu.com\/en\/wp-json\/wp\/v2\/posts"}],"about":[{"href":"https:\/\/asadplatformu.com\/en\/wp-json\/wp\/v2\/types\/post"}],"author":[{"embeddable":true,"href":"https:\/\/asadplatformu.com\/en\/wp-json\/wp\/v2\/users\/1"}],"replies":[{"embeddable":true,"href":"https:\/\/asadplatformu.com\/en\/wp-json\/wp\/v2\/comments?post=9051"}],"version-history":[{"count":0,"href":"https:\/\/asadplatformu.com\/en\/wp-json\/wp\/v2\/posts\/9051\/revisions"}],"wp:attachment":[{"href":"https:\/\/asadplatformu.com\/en\/wp-json\/wp\/v2\/media?parent=9051"}],"wp:term":[{"taxonomy":"category","embeddable":true,"href":"https:\/\/asadplatformu.com\/en\/wp-json\/wp\/v2\/categories?post=9051"},{"taxonomy":"post_tag","embeddable":true,"href":"https:\/\/asadplatformu.com\/en\/wp-json\/wp\/v2\/tags?post=9051"}],"curies":[{"name":"wp","href":"https:\/\/api.w.org\/{rel}","templated":true}]}}