{"id":9052,"date":"2023-12-20T17:44:29","date_gmt":"2023-12-20T14:44:29","guid":{"rendered":"https:\/\/asadplatformu.com\/kktc-cumhurbaskani-ersin-tatar-tesrifleri-ile-asad-platformunun-duzenledigi-turkiye-yuzyilinda-kktc-perspektifi-konferansi-gerceklestirildi\/"},"modified":"2023-12-20T17:44:29","modified_gmt":"2023-12-20T14:44:29","slug":"kktc-cumhurbaskani-ersin-tatar-tesrifleri-ile-asad-platformunun-duzenledigi-turkiye-yuzyilinda-kktc-perspektifi-konferansi-gerceklestirildi","status":"publish","type":"post","link":"https:\/\/asadplatformu.com\/en\/kktc-cumhurbaskani-ersin-tatar-tesrifleri-ile-asad-platformunun-duzenledigi-turkiye-yuzyilinda-kktc-perspektifi-konferansi-gerceklestirildi\/","title":{"rendered":"KKTC Cumhurba\u015fkan\u0131 Ersin Tatar te\u015frifleri ile ASAD Platformu&#8217;nun d\u00fczenledi\u011fi &#8221;T\u00fcrkiye Y\u00fczy\u0131l\u0131nda KKTC Perspektifi&#8221; konferans\u0131 ger\u00e7ekle\u015ftirildi."},"content":{"rendered":"<h1 class=\"sectionTitle\" data-id=\"11791\">Cumhurba\u015fkan\u0131 Ersin Tatar, \u0130stanbul\u2019daki temaslar\u0131 \u00e7er\u00e7evesinde Avrasya Stratejik Ara\u015ft\u0131rmalar Platformu (ASAD) taraf\u0131ndan d\u00fczenlenen \u201cT\u00fcrkiye Y\u00fczy\u0131l\u0131nda KKTC Perspektifi\u201d konferans\u0131na kat\u0131ld\u0131.<\/h1>\n<p>&nbsp;<\/p>\n<p><img fetchpriority=\"high\" decoding=\"async\" class=\"aligncenter size-full wp-image-7104\" src=\"https:\/\/asadplatformu.com\/wp-content\/uploads\/2023\/12\/WhatsApp-Gorsel-2023-12-20-saat-17.13.03_b5284bc5-1.jpg\" alt=\"\" width=\"627\" height=\"468\" \/><\/p>\n<p>&nbsp;<\/p>\n<p>Cumhurba\u015fkan\u0131 Ersin Tatar, \u0130stanbul\u2019daki temaslar\u0131 \u00e7er\u00e7evesinde Avrasya Stratejik Ara\u015ft\u0131rmalar Platformu (ASAD) taraf\u0131ndan d\u00fczenlenen \u201cT\u00fcrkiye Y\u00fczy\u0131l\u0131nda KKTC Perspektifi\u201d konferans\u0131na kat\u0131ld\u0131.<\/p>\n<div><\/div>\n<div>Cumhurba\u015fkan\u0131 Ersin Tatar, konferansta yapt\u0131\u011f\u0131 konu\u015fmada, K\u0131br\u0131s konusu hakk\u0131nda bilgiler vererek, adan\u0131n 350 y\u0131l boyunca Osmanl\u0131 adas\u0131 oldu\u011funa dikkat \u00e7ekti, \u201cK\u0131br\u0131s T\u00fcrk adas\u0131d\u0131r\u201d dedi.<\/div>\n<div><\/div>\n<div>\u2018K\u0131br\u0131s meselesi hepimizin meselesidir milletin meselesidir\u201d dedi, bunu ziyaret etti\u011fi di\u011fer T\u00fcrk devletlerinde de ifade etti\u011fini s\u00f6yledi.<\/div>\n<div><\/div>\n<div>Cumhurba\u015fkan\u0131 Tatar, T\u00fcrkiye Cumhuriyeti Cumhurba\u015fkan\u0131 Recep Tayyip Erdo\u011fan\u2019\u0131n K\u0131br\u0131s T\u00fcrklerine uygulanan ambargo ve izolasyonlar\u0131 k\u0131namas\u0131n\u0131n ve Kuzey K\u0131br\u0131s T\u00fcrk Cumhuriyeti\u2019nin tan\u0131nma zaman\u0131n\u0131n geldi\u011fini ifade etmesiyle K\u0131br\u0131s T\u00fcrk\u00fc\u2019n\u00fcn elinin g\u00fc\u00e7lendi\u011fini kaydetti.<\/div>\n<div><\/div>\n<div>KKTC\u2019nin T\u00fcrkiye\u2019den sadece 40 mil uzakl\u0131kta, Anadolu\u2019nun adeta bir par\u00e7as\u0131 oldu\u011funu ifade eden Cumhurba\u015fkan\u0131 Tatar, asma borularla adaya T\u00fcrkiye\u2019den su getirildi\u011fini, bu suyun ilerleyen y\u0131llarda petrolden \u00e7ok daha \u00f6nemli olaca\u011f\u0131n\u0131 vurgulad\u0131.<\/div>\n<div><\/div>\n<div>KKTC ile T\u00fcrkiye aras\u0131ndaki ba\u011f\u0131n milli siyasetin \u00f6tesinde bir ba\u011f oldu\u011funun, KKTC\u2019nin her y\u00f6nden ba\u011f\u0131ms\u0131zl\u0131\u011f\u0131 i\u00e7in T\u00fcrkiye\u2019nin dokunu\u015flar\u0131n\u0131n \u00f6neminin alt\u0131n\u0131 \u00e7izen Cumhurba\u015fkan\u0131 Tatar, gelecek g\u00fcnlerde T\u00fcrkiye \u00fczerinden enterkonnekte sistemle adaya elektrik getirilmesinin \u00e7al\u0131\u015fmalar\u0131n\u0131n yap\u0131ld\u0131\u011f\u0131n\u0131, ekonomik sosyal ve gelecekle alakal\u0131 planlama ve programlar\u0131n devam etti\u011fini kaydetti.<\/div>\n<div><\/div>\n<div>Cumhurba\u015fkan\u0131 Tatar, T\u00fcrkiye\u2019nin KKTC i\u00e7in hem anavatan hem garant\u00f6r devlet oldu\u011funu, K\u0131br\u0131s i\u00e7in s\u0131radan bir \u00fclke olmad\u0131\u011f\u0131n\u0131 vurgulad\u0131.<\/div>\n<div><\/div>\n<div>Cumhurba\u015fkan\u0131 Tatar, K\u0131br\u0131s T\u00fcrklerinin K\u0131br\u0131s Cumhuriyeti\u2019nde e\u015fit kurucu ortak olarak yer ald\u0131\u011f\u0131n\u0131 an\u0131msatarak \u201cbug\u00fcnk\u00fc siyaset de bunun temelidir\u201d dedi.<\/div>\n<div><\/div>\n<div>60 y\u0131ld\u0131r K\u0131br\u0131s T\u00fcrk\u00fc\u2019n\u00fcn devlet sahibi oldu\u011funun alt\u0131n\u0131 \u00e7izen Cumhurba\u015fkan\u0131 Tatar, \u201cKKTC, K\u0131br\u0131s T\u00fcrk halk\u0131n\u0131n varl\u0131\u011f\u0131n\u0131n, ba\u011f\u0131ms\u0131zl\u0131\u011f\u0131n\u0131n, h\u00fcrriyetinin ve her t\u00fcrl\u00fc hakk\u0131n\u0131n ifadesidir\u201d diye konu\u015ftu.<\/div>\n<div><\/div>\n<div>Cumhurba\u015fkan\u0131 Tatar, Kuzey K\u0131br\u0131s T\u00fcrk Cumhuriyeti\u2019nin \u00f6neminin her ge\u00e7en g\u00fcn daha da artt\u0131\u011f\u0131n\u0131 kaydederek, Do\u011fu Akdeniz, Mavi Vatan, hava sahanl\u0131\u011f\u0131, T\u00fcrkiye\u2019nin g\u00fcvenli\u011fi gibi bir\u00e7ok konuda K\u0131br\u0131s\u2019\u0131n stratejik \u00f6nemi bulundu\u011funu kaydetti.<\/div>\n<div><\/div>\n<div>Cumhurba\u015fkan\u0131 Tatar, T\u00fcrkiye Cumhuriyeti Cumhurba\u015fkan\u0131 Recep Tayyip Erdo\u011fan\u2019\u0131n K\u0131br\u0131s\u2019ta nihai bir \u00e7\u00f6z\u00fcm bulunana kadar iki devletin her t\u00fcrl\u00fc i\u015f birli\u011fi yap\u0131lmas\u0131 \u00e7a\u011fr\u0131s\u0131n\u0131 hat\u0131rlatarak, bir enerji projesi olan ve hem Kuzey K\u0131br\u0131s T\u00fcrk Cumhuriyeti hem de G\u00fcney K\u0131br\u0131s\u2019\u0131n enerji s\u0131k\u0131nt\u0131s\u0131n\u0131 k\u00f6kten \u00e7\u00f6zebilecek olan adan\u0131n enterkonnekte sistem ile elektrik sorununun \u00e7\u00f6z\u00fclmesi \u00f6nerilerine di\u011fer taraf\u0131ndan yan\u0131t bulamad\u0131\u011f\u0131n\u0131 anlatt\u0131.<\/div>\n<div><\/div>\n<div>Cumhurba\u015fkan\u0131 Tatar \u201cNeymi\u015f Kuzey K\u0131br\u0131s T\u00fcrk Cumhuriyeti\u2018ni tan\u0131m\u0131yorlarm\u0131\u015f, ama tan\u0131yacaklar\u201d dedi.<\/div>\n<div><\/div>\n<div>K\u0131br\u0131s T\u00fcrk halk\u0131n\u0131n egemen bir halk olarak kendi gelece\u011fini tayin etme hakk\u0131 oldu\u011funu ve bu ba\u011flamda 50 seneden fazla federalizm temelinde bir anla\u015fma i\u00e7in \u00e7al\u0131\u015fmalarda bulundu\u011funu belirten, ancak buna ra\u011fmen Rumlar\u0131n iyi niyet g\u00f6stermedi\u011fini ifade eden Cumhurba\u015fkan\u0131 Tatar, art\u0131k federasyon defterinin kapand\u0131\u011f\u0131n\u0131, federasyon temelinde s\u0131f\u0131r asker, s\u0131f\u0131r garanti, \u00e7o\u011funlu\u011fun az\u0131nl\u0131\u011f\u0131 y\u00f6netti\u011fi, K\u0131br\u0131s\u2019tan T\u00fcrk askerini \u00e7ekme gibi zorlamalar\u0131 olan bir \u00f6neriye onay vermelerinin m\u00fcmk\u00fcn olmad\u0131\u011f\u0131n\u0131 dile getirdi.<\/div>\n<div><\/div>\n<div>Cumhurba\u015fkan\u0131 Tatar, K\u0131br\u0131s\u2019ta iki devletin i\u015f birli\u011fi ile birtak\u0131m i\u015flerin yap\u0131labilece\u011fine i\u015faret ederek, do\u011fal kaynaklar\u0131n birlikte ara\u015ft\u0131r\u0131lmas\u0131 \u00e7a\u011fr\u0131s\u0131nda bulundu. KKTC\u2019nin hafife al\u0131nmamas\u0131 gerekti\u011fini s\u00f6yleyen Cumhurba\u015fkan\u0131 Tatar, \u201cen az onlar kadar me\u015fru, en az onlar kadar yapabileceklerimiz vard\u0131r\u201d dedi.<\/div>\n<div><\/div>\n<div>\u201cArkam\u0131zda T\u00fcrkiye Cumhuriyeti vard\u0131r bizi kimse yaln\u0131z g\u00f6rmesin. T\u00fcrkiye ile aram\u0131zda kutsal kadim ba\u011flar\u0131m\u0131z elbette peki\u015ftirilmeye devam edecektir&#8221; diyen Cumhurba\u015fkan\u0131 Tatar, T\u00fcrkiye Cumhuriyeti\u2019nin KKTC\u2019yi tan\u0131mas\u0131n\u0131n, 100 \u00fclkenin tan\u0131mas\u0131na bedel oldu\u011funu kaydetti.<\/div>\n<div><\/div>\n<div>Cumhurba\u015fkan\u0131 Tatar, milli bir de\u011fer olan KKTC\u2019nin Do\u011fu Akdeniz\u2019de T\u00fcrk d\u00fcnyas\u0131n\u0131n serhat bek\u00e7ileri oldu\u011funu ifade etti.<\/div>\n<div><\/div>\n<div><\/div>\n<div><img decoding=\"async\" class=\"aligncenter wp-image-7090 size-full\" src=\"https:\/\/asadplatformu.com\/wp-content\/uploads\/2023\/12\/WhatsApp-Gorsel-2023-12-20-saat-17.13.02_ba657e85.jpg\" alt=\"\" width=\"627\" height=\"468\" \/><img decoding=\"async\" class=\"aligncenter wp-image-7091 size-full\" src=\"https:\/\/asadplatformu.com\/wp-content\/uploads\/2023\/12\/WhatsApp-Gorsel-2023-12-20-saat-17.13.02_d56f905e.jpg\" alt=\"\" width=\"627\" height=\"468\" \/><img loading=\"lazy\" decoding=\"async\" class=\"aligncenter wp-image-7092 size-full\" src=\"https:\/\/asadplatformu.com\/wp-content\/uploads\/2023\/12\/WhatsApp-Gorsel-2023-12-20-saat-17.13.02_0647e934.jpg\" alt=\"\" width=\"627\" height=\"468\" \/><img loading=\"lazy\" decoding=\"async\" class=\"aligncenter wp-image-7093 size-full\" src=\"https:\/\/asadplatformu.com\/wp-content\/uploads\/2023\/12\/WhatsApp-Gorsel-2023-12-20-saat-17.13.01_dff9cf25.jpg\" alt=\"\" width=\"627\" height=\"468\" \/><img loading=\"lazy\" decoding=\"async\" class=\"aligncenter wp-image-7094 size-full\" src=\"https:\/\/asadplatformu.com\/wp-content\/uploads\/2023\/12\/WhatsApp-Gorsel-2023-12-20-saat-17.13.01_7a89f235.jpg\" alt=\"\" width=\"627\" height=\"468\" \/><img loading=\"lazy\" decoding=\"async\" class=\"aligncenter wp-image-7095 size-full\" src=\"https:\/\/asadplatformu.com\/wp-content\/uploads\/2023\/12\/WhatsApp-Gorsel-2023-12-20-saat-17.13.01_d3998c8e.jpg\" alt=\"\" width=\"627\" height=\"468\" \/><img loading=\"lazy\" decoding=\"async\" class=\"aligncenter wp-image-7096 size-full\" src=\"https:\/\/asadplatformu.com\/wp-content\/uploads\/2023\/12\/WhatsApp-Gorsel-2023-12-20-saat-17.13.00_b42a950c.jpg\" alt=\"\" width=\"627\" height=\"468\" \/><img loading=\"lazy\" decoding=\"async\" class=\"aligncenter wp-image-7097 size-full\" src=\"https:\/\/asadplatformu.com\/wp-content\/uploads\/2023\/12\/WhatsApp-Gorsel-2023-12-20-saat-17.13.00_ddf87a39.jpg\" alt=\"\" width=\"627\" height=\"468\" \/><img loading=\"lazy\" decoding=\"async\" class=\"aligncenter wp-image-7098 size-full\" src=\"https:\/\/asadplatformu.com\/wp-content\/uploads\/2023\/12\/WhatsApp-Gorsel-2023-12-20-saat-17.13.04_6a7d3892.jpg\" alt=\"\" width=\"627\" height=\"468\" \/><img loading=\"lazy\" decoding=\"async\" class=\"aligncenter wp-image-7099 size-full\" src=\"https:\/\/asadplatformu.com\/wp-content\/uploads\/2023\/12\/WhatsApp-Gorsel-2023-12-20-saat-17.13.04_b5ba1e0c.jpg\" alt=\"\" width=\"627\" height=\"468\" \/><img loading=\"lazy\" decoding=\"async\" class=\"aligncenter wp-image-7100 size-full\" src=\"https:\/\/asadplatformu.com\/wp-content\/uploads\/2023\/12\/WhatsApp-Gorsel-2023-12-20-saat-17.13.04_a9184ccc.jpg\" alt=\"\" width=\"627\" height=\"468\" \/><img loading=\"lazy\" decoding=\"async\" class=\"aligncenter wp-image-7101 size-full\" src=\"https:\/\/asadplatformu.com\/wp-content\/uploads\/2023\/12\/WhatsApp-Gorsel-2023-12-20-saat-17.13.04_6216322e.jpg\" alt=\"\" width=\"627\" height=\"468\" \/><img loading=\"lazy\" decoding=\"async\" class=\"aligncenter wp-image-7102 size-full\" src=\"https:\/\/asadplatformu.com\/wp-content\/uploads\/2023\/12\/WhatsApp-Gorsel-2023-12-20-saat-17.13.03_e1d18f57.jpg\" alt=\"\" width=\"627\" height=\"468\" \/><img loading=\"lazy\" decoding=\"async\" class=\"aligncenter wp-image-7103 size-full\" src=\"https:\/\/asadplatformu.com\/wp-content\/uploads\/2023\/12\/WhatsApp-Gorsel-2023-12-20-saat-17.13.03_64845bf4.jpg\" alt=\"\" width=\"627\" height=\"468\" \/><\/div>\n","protected":false},"excerpt":{"rendered":"<p>Cumhurba\u015fkan\u0131 Ersin Tatar, \u0130stanbul\u2019daki temaslar\u0131 \u00e7er\u00e7evesinde Avrasya Stratejik Ara\u015ft\u0131rmalar Platformu (ASAD) taraf\u0131ndan d\u00fczenlenen \u201cT\u00fcrkiye Y\u00fczy\u0131l\u0131nda KKTC Perspektifi\u201d konferans\u0131na kat\u0131ld\u0131. &nbsp; &nbsp; Cumhurba\u015fkan\u0131 Ersin Tatar, \u0130stanbul\u2019daki temaslar\u0131 \u00e7er\u00e7evesinde Avrasya Stratejik Ara\u015ft\u0131rmalar Platformu (ASAD) taraf\u0131ndan d\u00fczenlenen \u201cT\u00fcrkiye Y\u00fczy\u0131l\u0131nda KKTC Perspektifi\u201d konferans\u0131na kat\u0131ld\u0131. Cumhurba\u015fkan\u0131 Ersin Tatar, konferansta yapt\u0131\u011f\u0131 konu\u015fmada, K\u0131br\u0131s konusu hakk\u0131nda bilgiler vererek, adan\u0131n 350 y\u0131l boyunca [&hellip;]<\/p>\n","protected":false},"author":1,"featured_media":0,"comment_status":"closed","ping_status":"closed","sticky":false,"template":"","format":"standard","meta":{"_acf_changed":false,"footnotes":""},"categories":[156],"tags":[],"class_list":["post-9052","post","type-post","status-publish","format-standard","hentry","category-uluslararasi-is-forumlari-en"],"acf":[],"featured_image_src":{"landsacpe":false,"list":false,"medium":false,"full":false},"_links":{"self":[{"href":"https:\/\/asadplatformu.com\/en\/wp-json\/wp\/v2\/posts\/9052","targetHints":{"allow":["GET"]}}],"collection":[{"href":"https:\/\/asadplatformu.com\/en\/wp-json\/wp\/v2\/posts"}],"about":[{"href":"https:\/\/asadplatformu.com\/en\/wp-json\/wp\/v2\/types\/post"}],"author":[{"embeddable":true,"href":"https:\/\/asadplatformu.com\/en\/wp-json\/wp\/v2\/users\/1"}],"replies":[{"embeddable":true,"href":"https:\/\/asadplatformu.com\/en\/wp-json\/wp\/v2\/comments?post=9052"}],"version-history":[{"count":0,"href":"https:\/\/asadplatformu.com\/en\/wp-json\/wp\/v2\/posts\/9052\/revisions"}],"wp:attachment":[{"href":"https:\/\/asadplatformu.com\/en\/wp-json\/wp\/v2\/media?parent=9052"}],"wp:term":[{"taxonomy":"category","embeddable":true,"href":"https:\/\/asadplatformu.com\/en\/wp-json\/wp\/v2\/categories?post=9052"},{"taxonomy":"post_tag","embeddable":true,"href":"https:\/\/asadplatformu.com\/en\/wp-json\/wp\/v2\/tags?post=9052"}],"curies":[{"name":"wp","href":"https:\/\/api.w.org\/{rel}","templated":true}]}}