{"id":9055,"date":"2023-09-17T13:08:59","date_gmt":"2023-09-17T10:08:59","guid":{"rendered":"https:\/\/asadplatformu.com\/asad-platformu-cevre-ve-sehircilik-eski-bakani-ve-ak-parti-istanbul-milletvekili-murat-kurumu-ozel-bir-yemekte-agirladi\/"},"modified":"2023-09-17T13:08:59","modified_gmt":"2023-09-17T10:08:59","slug":"asad-platformu-cevre-ve-sehircilik-eski-bakani-ve-ak-parti-istanbul-milletvekili-murat-kurumu-ozel-bir-yemekte-agirladi","status":"publish","type":"post","link":"https:\/\/asadplatformu.com\/en\/asad-platformu-cevre-ve-sehircilik-eski-bakani-ve-ak-parti-istanbul-milletvekili-murat-kurumu-ozel-bir-yemekte-agirladi\/","title":{"rendered":"ASAD Platformu, \u00c7evre ve \u015eehircilik Eski Bakan\u0131 ve AK Parti \u0130stanbul Milletvekili Murat Kurum\u2019u \u00f6zel bir yemekte a\u011f\u0131rlad\u0131."},"content":{"rendered":"\n<p>Eski Meclis Ba\u015fkan\u0131 Mustafa \u015eentop, eski Cumhurba\u015fkan\u0131 Yard\u0131mc\u0131s\u0131 Fuat Oktay, CHP Genel Ba\u015fkan\u0131 Kemal K\u0131l\u0131\u00e7taro\u011flu, \u0130Y\u0130 Parti Genel Ba\u015fkan\u0131 Meral Ak\u015fener, BBP Genel Ba\u015fkan\u0131 Mustafa Destici, Cumhurba\u015fkan\u0131 aday\u0131 Sinan O\u011fan gibi siyaset\u00e7ileri, Prof. Dr. \u0130smail Hakk\u0131 Ayd\u0131n, Prof. Dr. Naci G\u00f6r\u00fcr gibi d\u00fcnyaca \u00fcnl\u00fc bilim insanlar\u0131n\u0131 a\u011f\u0131rlayan ASAD\u2019\u0131n bu haftaki konu\u011fu \u00c7evre ve \u015eehircilik Eski Bakan\u0131 ve AK Parti \u0130stanbul Milletvekili Murat Kurum oldu.<\/p>\n\n\n\n<p>ASAD Platformu, \u00c7evre ve \u015eehircilik Eski Bakan\u0131 ve AK Parti \u0130stanbul Milletvekili Murat Kurum\u2019u \u00f6zel bir yemekte a\u011f\u0131rlad\u0131. Platformun genel ba\u015fkan\u0131 Murat Do\u011fanay\u2019\u0131n misafirli\u011finde, Prof.Dr. Rag\u0131p Kutay Karaca\u2019n\u0131n moderat\u00f6rl\u00fc\u011f\u00fcnde ger\u00e7ekle\u015fen bu bulu\u015fmaya eski-yeni siyaset\u00e7iler, bilim insanlar\u0131, sanat\u00e7\u0131lar ve medya mensuplar\u0131 kat\u0131ld\u0131lar.<\/p>\n\n\n\n<p>Murat Kurum \u00e7evre ve \u015fehircilik ad\u0131na tecr\u00fcbelerini aktar\u0131rken \u0130stanbul \u00f6zelinde yap\u0131lmas\u0131 gerekenlere de dikkat \u00e7ekti.<\/p>\n\n\n\n<p>Kurum, iklim de\u011fi\u015fikli\u011finin d\u00fcnya siyasetinde de\u011fi\u015fimler yarataca\u011f\u0131n\u0131 bu nedenle t\u00fcm d\u00fcnyan\u0131n beraber hareket etmesi gerekti\u011fini s\u00f6yledi. Beraber hareket etmenin \u00f6nemini vurgularken geli\u015fmi\u015f \u00fclkelerin iklim krizine y\u00f6nelik samimiyetlerini sorgulayan Kurum, ne olursa olsun T\u00fcrkiye\u2019nin bu uyumu yakalamas\u0131 gerekti\u011fi \u00fczerinde durdu.<\/p>\n\n\n\n<p>Konu\u015fmas\u0131n\u0131n b\u00fcy\u00fck b\u00f6l\u00fcm\u00fcn\u00fc \u0130stanbul\u2019a ay\u0131ran Kurum, \u015fehrin ula\u015f\u0131m, deprem, kentsel d\u00f6n\u00fc\u015f\u00fcm, g\u00f6\u00e7 ve bar\u0131nma fiyatlar\u0131n\u0131 art\u0131\u015f\u0131 olmak \u00fczere 5 ana sorunu oldu\u011fundan bahsetti. \u0130stanbul\u2019un hem kendine hem de T\u00fcrkiye\u2019nin t\u00fcm\u00fcne bakan bir ekonomik girdisi oldu\u011fundan dikkatle depremi bir milli g\u00fcvenlik sorunu olarak g\u00f6rd\u00fc\u011f\u00fcn\u00fc ifade eden Kurum, \u0130stanbul\u2019daki t\u00fcm kamu-\u00f6zel kurum ve kurulu\u015flarda bir deprem ekibinin kurulmas\u0131 gereklili\u011fi \u00fczerinde durdu. Bunlar\u0131n yan\u0131nda tarihi yar\u0131madan\u0131n d\u00fcnya ad\u0131na \u00f6nemine binaen yar\u0131madaya ait ayr\u0131 bir plan\u0131n yap\u0131lmas\u0131 gerekti\u011fini s\u00f6yledi.<\/p>\n\n\n\n<p>Kurum, \u0130stanbul\u2019daki ev fiyatlar\u0131 ve kiralardaki art\u0131\u015flar\u0131n\u0131n haz\u0131rlanacak projeler dalgas\u0131yla k\u0131r\u0131labilece\u011fini ancak bu konuda devlet-vatanda\u015f i\u015f birli\u011finin \u00f6nemini vurgulad\u0131.<\/p>\n\n\n\n<p>Toplant\u0131 soru-cevap b\u00f6l\u00fcm\u00fcyle sonland\u0131r\u0131ld\u0131. ASAD Platformu Ba\u015fkan\u0131 Murat Do\u011fanay geleneksel hale geldi\u011fi \u00fczere k\u0131z\u0131l elma biblosunu Murat Kurum\u2019a sundu.<\/p>\n\n\n\n<figure class=\"wp-block-image size-full\"><img decoding=\"async\" src=\"https:\/\/asadplatformu.com\/wp-content\/uploads\/2023\/09\/WhatsApp-Image-2023-09-17-at-10.12.37.jpeg\" alt=\"\" class=\"wp-image-6719\"\/><\/figure>\n","protected":false},"excerpt":{"rendered":"<p>Eski Meclis Ba\u015fkan\u0131 Mustafa \u015eentop, eski Cumhurba\u015fkan\u0131 Yard\u0131mc\u0131s\u0131 Fuat Oktay, CHP Genel Ba\u015fkan\u0131 Kemal K\u0131l\u0131\u00e7taro\u011flu, \u0130Y\u0130 Parti Genel Ba\u015fkan\u0131 Meral Ak\u015fener, BBP Genel Ba\u015fkan\u0131 Mustafa Destici, Cumhurba\u015fkan\u0131 aday\u0131 Sinan O\u011fan gibi siyaset\u00e7ileri, Prof. Dr. \u0130smail Hakk\u0131 Ayd\u0131n, Prof. Dr. Naci G\u00f6r\u00fcr gibi d\u00fcnyaca \u00fcnl\u00fc bilim insanlar\u0131n\u0131 a\u011f\u0131rlayan ASAD\u2019\u0131n bu haftaki konu\u011fu \u00c7evre ve \u015eehircilik Eski [&hellip;]<\/p>\n","protected":false},"author":1,"featured_media":0,"comment_status":"closed","ping_status":"open","sticky":false,"template":"","format":"standard","meta":{"_acf_changed":false,"footnotes":""},"categories":[136],"tags":[],"class_list":["post-9055","post","type-post","status-publish","format-standard","hentry","category-uncategorized"],"acf":[],"featured_image_src":{"landsacpe":false,"list":false,"medium":false,"full":false},"_links":{"self":[{"href":"https:\/\/asadplatformu.com\/en\/wp-json\/wp\/v2\/posts\/9055","targetHints":{"allow":["GET"]}}],"collection":[{"href":"https:\/\/asadplatformu.com\/en\/wp-json\/wp\/v2\/posts"}],"about":[{"href":"https:\/\/asadplatformu.com\/en\/wp-json\/wp\/v2\/types\/post"}],"author":[{"embeddable":true,"href":"https:\/\/asadplatformu.com\/en\/wp-json\/wp\/v2\/users\/1"}],"replies":[{"embeddable":true,"href":"https:\/\/asadplatformu.com\/en\/wp-json\/wp\/v2\/comments?post=9055"}],"version-history":[{"count":0,"href":"https:\/\/asadplatformu.com\/en\/wp-json\/wp\/v2\/posts\/9055\/revisions"}],"wp:attachment":[{"href":"https:\/\/asadplatformu.com\/en\/wp-json\/wp\/v2\/media?parent=9055"}],"wp:term":[{"taxonomy":"category","embeddable":true,"href":"https:\/\/asadplatformu.com\/en\/wp-json\/wp\/v2\/categories?post=9055"},{"taxonomy":"post_tag","embeddable":true,"href":"https:\/\/asadplatformu.com\/en\/wp-json\/wp\/v2\/tags?post=9055"}],"curies":[{"name":"wp","href":"https:\/\/api.w.org\/{rel}","templated":true}]}}