{"id":9056,"date":"2023-07-07T13:42:48","date_gmt":"2023-07-07T10:42:48","guid":{"rendered":"https:\/\/asadplatformu.com\/avrasya-stratejik-arastirmalar-platformu-asad-baskani-murat-doganay-ve-yonetim-kurulu-uyeleri-istanbul-valisi-davut-gulu-ziyaret-etti\/"},"modified":"2023-07-07T13:42:48","modified_gmt":"2023-07-07T10:42:48","slug":"avrasya-stratejik-arastirmalar-platformu-asad-baskani-murat-doganay-ve-yonetim-kurulu-uyeleri-istanbul-valisi-davut-gulu-ziyaret-etti","status":"publish","type":"post","link":"https:\/\/asadplatformu.com\/en\/avrasya-stratejik-arastirmalar-platformu-asad-baskani-murat-doganay-ve-yonetim-kurulu-uyeleri-istanbul-valisi-davut-gulu-ziyaret-etti\/","title":{"rendered":"Avrasya Stratejik Ara\u015ft\u0131rmalar Platformu (ASAD) Ba\u015fkan\u0131 Murat Do\u011fanay ve Y\u00f6netim kurulu \u00fcyeleri \u0130stanbul Valisi Davut G\u00fcl&#8217;\u00fc ziyaret etti."},"content":{"rendered":"\n<p>ASAD Ba\u015fkan\u0131 Murat Do\u011fanay ve Y\u00f6netim Kurulu \u00fcyeleri, Avrasya Stratejik Ara\u015ft\u0131rmalar Platformu ad\u0131na \u0130stanbul Valisi Davut G\u00fcl&#8217;\u00fc ziyaret etti. Bu \u00f6nemli ziyaret, stratejik i\u015fbirli\u011fi ve ili\u015fkilerin g\u00fc\u00e7lendirilmesi amac\u0131yla ger\u00e7ekle\u015ftirilmi\u015ftir.<\/p>\n\n\n\n<figure class=\"wp-block-image size-full\"><img decoding=\"async\" src=\"https:\/\/asadplatformu.com\/wp-content\/uploads\/2023\/07\/asad-2.jpg\" alt=\"\" class=\"wp-image-6696\"\/><\/figure>\n\n\n\n<p>Ziyaret s\u0131ras\u0131nda ASAD Ba\u015fkan\u0131 Murat Do\u011fanay, \u0130stanbul Valisi Davut G\u00fcl&#8217;e platformun misyonu, hedefleri ve faaliyetleri hakk\u0131nda ayr\u0131nt\u0131l\u0131 bilgi verdi. Her iki taraf aras\u0131nda verimli bir diyalog ger\u00e7ekle\u015ftirildi ve stratejik konular ele al\u0131nd\u0131. Ayr\u0131ca, \u0130stanbul&#8217;un kalk\u0131nma ve g\u00fcvenlik perspektifleri \u00fczerine g\u00f6r\u00fc\u015f al\u0131\u015fveri\u015finde bulunuldu.<\/p>\n\n\n\n<p>ASAD, stratejik ara\u015ft\u0131rmalar ve uluslararas\u0131 ili\u015fkiler alan\u0131nda faaliyet g\u00f6steren bir platform olarak, \u0130stanbul Valili\u011fi ile g\u00fc\u00e7l\u00fc bir i\u015fbirli\u011fi kurmay\u0131 hedeflemektedir. Bu ziyaret, platformun \u0130stanbul&#8217;daki \u00e7al\u0131\u015fmalar\u0131n\u0131 g\u00fc\u00e7lendirerek \u0130stanbul Valili\u011fi ile daha yak\u0131n bir i\u015fbirli\u011fi i\u00e7inde olmay\u0131 ama\u00e7lamaktad\u0131r.<\/p>\n\n\n\n<p>\u0130stanbul Valisi Davut G\u00fcl, ASAD Ba\u015fkan\u0131 Murat Do\u011fanay ve Y\u00f6netim Kurulu \u00fcyelerine nazik ziyaretleri i\u00e7in te\u015fekk\u00fcr etti ve platformun stratejik \u00e7al\u0131\u015fmalar\u0131na olan desteklerini ifade etti. \u0130ki taraf aras\u0131nda ger\u00e7ekle\u015ftirilen g\u00f6r\u00fc\u015fmelerde, \u0130stanbul&#8217;un k\u00fcresel arenadaki rol\u00fc, g\u00fcvenlik konular\u0131 ve gelece\u011fe y\u00f6nelik stratejik planlamalar ele al\u0131nd\u0131.<\/p>\n\n\n\n<p>Bu \u00f6nemli ziyaret, ASAD&#8217;\u0131n \u0130stanbul Valili\u011fi ile i\u015fbirli\u011fini g\u00fc\u00e7lendirme ve stratejik alanlarda ortak projeler geli\u015ftirme \u00e7abalar\u0131n\u0131 desteklemektedir. Her iki taraf da b\u00f6lgesel ve uluslararas\u0131 konular\u0131 ele alarak, stratejik i\u015fbirli\u011fi ve kalk\u0131nma hedeflerine y\u00f6nelik ad\u0131mlar atmaya devam edecektir.<\/p>\n\n\n\n<p>ASAD olarak, bu bas\u0131n duyurusu arac\u0131l\u0131\u011f\u0131yla \u0130stanbul Valisi Davut G\u00fcl&#8217;e te\u015fekk\u00fcrlerimizi sunuyor ve gelecekteki i\u015fbirli\u011fi f\u0131rsatlar\u0131n\u0131 d\u00f6rt g\u00f6zle bekledi\u011fimizi ifade etmek istiyoruz.<\/p>\n","protected":false},"excerpt":{"rendered":"<p>ASAD Ba\u015fkan\u0131 Murat Do\u011fanay ve Y\u00f6netim Kurulu \u00fcyeleri, Avrasya Stratejik Ara\u015ft\u0131rmalar Platformu ad\u0131na \u0130stanbul Valisi Davut G\u00fcl&#8217;\u00fc ziyaret etti. Bu \u00f6nemli ziyaret, stratejik i\u015fbirli\u011fi ve ili\u015fkilerin g\u00fc\u00e7lendirilmesi amac\u0131yla ger\u00e7ekle\u015ftirilmi\u015ftir. Ziyaret s\u0131ras\u0131nda ASAD Ba\u015fkan\u0131 Murat Do\u011fanay, \u0130stanbul Valisi Davut G\u00fcl&#8217;e platformun misyonu, hedefleri ve faaliyetleri hakk\u0131nda ayr\u0131nt\u0131l\u0131 bilgi verdi. Her iki taraf aras\u0131nda verimli bir diyalog [&hellip;]<\/p>\n","protected":false},"author":1,"featured_media":0,"comment_status":"closed","ping_status":"open","sticky":false,"template":"","format":"standard","meta":{"_acf_changed":false,"footnotes":""},"categories":[156],"tags":[],"class_list":["post-9056","post","type-post","status-publish","format-standard","hentry","category-uluslararasi-is-forumlari-en"],"acf":[],"featured_image_src":{"landsacpe":false,"list":false,"medium":false,"full":false},"_links":{"self":[{"href":"https:\/\/asadplatformu.com\/en\/wp-json\/wp\/v2\/posts\/9056","targetHints":{"allow":["GET"]}}],"collection":[{"href":"https:\/\/asadplatformu.com\/en\/wp-json\/wp\/v2\/posts"}],"about":[{"href":"https:\/\/asadplatformu.com\/en\/wp-json\/wp\/v2\/types\/post"}],"author":[{"embeddable":true,"href":"https:\/\/asadplatformu.com\/en\/wp-json\/wp\/v2\/users\/1"}],"replies":[{"embeddable":true,"href":"https:\/\/asadplatformu.com\/en\/wp-json\/wp\/v2\/comments?post=9056"}],"version-history":[{"count":0,"href":"https:\/\/asadplatformu.com\/en\/wp-json\/wp\/v2\/posts\/9056\/revisions"}],"wp:attachment":[{"href":"https:\/\/asadplatformu.com\/en\/wp-json\/wp\/v2\/media?parent=9056"}],"wp:term":[{"taxonomy":"category","embeddable":true,"href":"https:\/\/asadplatformu.com\/en\/wp-json\/wp\/v2\/categories?post=9056"},{"taxonomy":"post_tag","embeddable":true,"href":"https:\/\/asadplatformu.com\/en\/wp-json\/wp\/v2\/tags?post=9056"}],"curies":[{"name":"wp","href":"https:\/\/api.w.org\/{rel}","templated":true}]}}